{"id":961,"date":"2021-09-01T10:09:31","date_gmt":"2021-09-01T10:09:31","guid":{"rendered":"https:\/\/ciutatmosaicterritorial.upc.edu\/?p=961"},"modified":"2021-09-01T10:09:33","modified_gmt":"2021-09-01T10:09:33","slug":"acte-final-del-iv-congres-isuf-h-barcelona","status":"publish","type":"post","link":"https:\/\/ciutatmosaicterritorial.upc.edu\/?p=961","title":{"rendered":"Acte Final del IV Congr\u00e9s ISUF-H Barcelona"},"content":{"rendered":"\n<p>29 de setembre de 2021, de 12:00 a 17:30 h, confer\u00e8ncia, taules rodones i presentaci\u00f3 de les actes i publicacions<\/p>\n\n\n\n<!--more-->\n\n\n\n<p>Programa de la sessi\u00f3: <a href=\"https:\/\/isuf-h-congreso-barcelona-2020.com\/programa\">https:\/\/isuf-h-congreso-barcelona-2020.com\/programa<\/a><\/p>\n\n\n\n<p><em>Ma\u00f1ana<\/em><\/p>\n\n\n\n<p>12.00-12.30 Presentaci\u00f3n<br>Orientaciones para hacer frente a los retos ambientales, econ\u00f3micos y sociales desde nuestra Universidad, Escuelas de Arquitectura y Departamento de Urbanismo y Ordenaci\u00f3n del Territorio<br><strong>Daniel Crespo,<\/strong>&nbsp;Rector de la UPC<strong><br>F\u00e9lix Solaguren,&nbsp;<\/strong>Director de la ETSAB UPC<strong><br>Pere Fuertes,&nbsp;<\/strong>Director ETSAV UPC<strong><br>Juli\u00e1n Galindo,&nbsp;<\/strong>Director DUOT UPC<\/p>\n\n\n\n<p>12.30-13.30 Conferencia inaugural y debate<br>L\u00f3gicas morfol\u00f3gicas y proyecto urbano \/ Nuevos dispositivos para los proyectos urbanos y territoriales<br><strong>Joan Busquets<br>Angelo Lunati<br>Isabel Arteaga<br>Enric Batlle<br><\/strong>Chairs\/introducci\u00f3n:<br><strong>Marina Cervera<br>Francesc Peremiquel<\/strong><\/p>\n\n\n\n<p>13.30-14.30 Mesa redonda 1<br>An\u00e1lisis, proyecto urban\u00edstico y gesti\u00f3n de los procesos metropolitanos contempor\u00e1neos<br><strong>Josep Bohigas<br>Jos\u00e9 Mar\u00eda Ezquiaga<br>Pepe Rosas<br>Ram\u00f3n Torra<br><\/strong>Chairs\/introducci\u00f3n:<br><strong>Marina Cervera<br>Sebasti\u00e0 Jornet<\/strong><\/p>\n\n\n\n<p><em>Tarde<\/em><\/p>\n\n\n\n<p>15.30-16.30 Mesa redonda 2<br>Cuestiones, cr\u00edticas, interpelaciones abiertas<br><strong>In\u00e9s Aquilu\u00e9<br>Lorena Maristany<br>Xavier Matilla<br>Marta Serra<br><\/strong>Chairs\/introducci\u00f3n:<br><strong>Marina Cervera<br>Carlos Llop<\/strong><\/p>\n\n\n\n<p>16.30-17.00 S\u00edntesis<br>S\u00edntesis. Presentaci\u00f3n de las publicaciones del Congreso (Tomo 0, Actas del Congreso ISUF H Barcelona 2020, Art\u00edculos en ACE y QRU)<br><strong>Carlos Llop<br>Francesc Peremiquel<\/strong><\/p>\n\n\n\n<p>17.00-17.15 Clausura (ISUF-H)<br>ISUF-H como plataforma para el encuentro entre urbanistas y estudiosos de las formas urbanas<br><strong>Javier Moncl\u00fas,&nbsp;<\/strong>Presidente de ISUF H<\/p>\n\n\n\n<p>17.15-17.30 Clausura (UPC)<br>Clausura<br><strong>Jordi Ros,&nbsp;<\/strong>Vicerector de Arquitectura infraestructuras y Territorio de la UPC<\/p>\n\n\n\n<figure class=\"wp-block-image size-large\"><img decoding=\"async\" loading=\"lazy\" width=\"724\" height=\"1024\" src=\"https:\/\/ciutatmosaicterritorial.upc.edu\/wp-content\/uploads\/AF_ISUF_A4_2021-1-724x1024.png\" alt=\"\" class=\"wp-image-963\" srcset=\"https:\/\/ciutatmosaicterritorial.upc.edu\/wp-content\/uploads\/AF_ISUF_A4_2021-1-724x1024.png 724w, https:\/\/ciutatmosaicterritorial.upc.edu\/wp-content\/uploads\/AF_ISUF_A4_2021-1-212x300.png 212w, https:\/\/ciutatmosaicterritorial.upc.edu\/wp-content\/uploads\/AF_ISUF_A4_2021-1-768x1086.png 768w, https:\/\/ciutatmosaicterritorial.upc.edu\/wp-content\/uploads\/AF_ISUF_A4_2021-1-1086x1536.png 1086w, https:\/\/ciutatmosaicterritorial.upc.edu\/wp-content\/uploads\/AF_ISUF_A4_2021-1-1448x2048.png 1448w, https:\/\/ciutatmosaicterritorial.upc.edu\/wp-content\/uploads\/AF_ISUF_A4_2021-1-250x354.png 250w\" sizes=\"(max-width: 724px) 100vw, 724px\" \/><\/figure>\n","protected":false},"excerpt":{"rendered":"<p>29 de setembre de 2021, de 12:00 a 17:30 h, confer\u00e8ncia, taules rodones i presentaci\u00f3 de les actes i publicacions<\/p>\n","protected":false},"author":1,"featured_media":964,"comment_status":"open","ping_status":"open","sticky":false,"template":"","format":"standard","meta":[],"categories":[1],"tags":[],"_links":{"self":[{"href":"https:\/\/ciutatmosaicterritorial.upc.edu\/index.php?rest_route=\/wp\/v2\/posts\/961"}],"collection":[{"href":"https:\/\/ciutatmosaicterritorial.upc.edu\/index.php?rest_route=\/wp\/v2\/posts"}],"about":[{"href":"https:\/\/ciutatmosaicterritorial.upc.edu\/index.php?rest_route=\/wp\/v2\/types\/post"}],"author":[{"embeddable":true,"href":"https:\/\/ciutatmosaicterritorial.upc.edu\/index.php?rest_route=\/wp\/v2\/users\/1"}],"replies":[{"embeddable":true,"href":"https:\/\/ciutatmosaicterritorial.upc.edu\/index.php?rest_route=%2Fwp%2Fv2%2Fcomments&post=961"}],"version-history":[{"count":1,"href":"https:\/\/ciutatmosaicterritorial.upc.edu\/index.php?rest_route=\/wp\/v2\/posts\/961\/revisions"}],"predecessor-version":[{"id":965,"href":"https:\/\/ciutatmosaicterritorial.upc.edu\/index.php?rest_route=\/wp\/v2\/posts\/961\/revisions\/965"}],"wp:featuredmedia":[{"embeddable":true,"href":"https:\/\/ciutatmosaicterritorial.upc.edu\/index.php?rest_route=\/wp\/v2\/media\/964"}],"wp:attachment":[{"href":"https:\/\/ciutatmosaicterritorial.upc.edu\/index.php?rest_route=%2Fwp%2Fv2%2Fmedia&parent=961"}],"wp:term":[{"taxonomy":"category","embeddable":true,"href":"https:\/\/ciutatmosaicterritorial.upc.edu\/index.php?rest_route=%2Fwp%2Fv2%2Fcategories&post=961"},{"taxonomy":"post_tag","embeddable":true,"href":"https:\/\/ciutatmosaicterritorial.upc.edu\/index.php?rest_route=%2Fwp%2Fv2%2Ftags&post=961"}],"curies":[{"name":"wp","href":"https:\/\/api.w.org\/{rel}","templated":true}]}}