{"id":954,"date":"2021-06-04T11:48:47","date_gmt":"2021-06-04T11:48:47","guid":{"rendered":"https:\/\/ciutatmosaicterritorial.upc.edu\/?p=954"},"modified":"2021-06-04T11:49:58","modified_gmt":"2021-06-04T11:49:58","slug":"dimecres-9-de-juny-1830h-dialegs-a-can-calopa","status":"publish","type":"post","link":"https:\/\/ciutatmosaicterritorial.upc.edu\/?p=954","title":{"rendered":"Dimecres 9 de juny, 18:30h DI\u00c0LEGS A CAN CALOPA"},"content":{"rendered":"\n<p>OBERTES LES INSCRIPCIONS PEL PROPER DI\u00c0LEG A L&#8217;ERA DE CAN CALOPA<\/p>\n\n\n\n<!--more-->\n\n\n\n<p>El dimecres, 9 de juny, a les 18:30h tornen els DI\u00c0LEGS A CAN CALOPA!<br>I la pregunta que ens farem \u00e9s: <strong>Barcelona, capital metropolitana o capital agropolitana?<\/strong><\/p>\n\n\n\n<p>Ho debatrem amb els arquitectes <strong>Carles Llop<\/strong>, de Jornet Llop Pastor Arquitectes, <strong>Vicente Guallart<\/strong> de Guallart Architects i <strong>Pati Nu\u00f1ez<\/strong> de Pati Nu\u00f1ez Agency.<\/p>\n\n\n\n<p>Parlarem d&#8217;urbanisme, del model agroecol\u00f2gic de les grans ciutats, de sostenibilitat i de les ciutats que han de venir.<br>A Can Calopa obrim del debat!<\/p>\n\n\n\n<p>Inscripcions a\u00a0<a rel=\"noreferrer noopener\" href=\"https:\/\/olivera.org\/dialegs\/urbanisme\/\" target=\"_blank\">https:\/\/olivera.org\/dialegs\/urbanisme\/<\/a><br>**La inscripci\u00f3 \u00e9s gratu\u00efta i inclou una copa del vi de Sabadell Arraona que elaborem a Can Calopa.  <\/p>\n\n\n\n<figure class=\"wp-block-image size-large\"><img decoding=\"async\" loading=\"lazy\" width=\"480\" height=\"480\" src=\"https:\/\/ciutatmosaicterritorial.upc.edu\/wp-content\/uploads\/Dialegs_Can_Calopa.jpg\" alt=\"\" class=\"wp-image-955\" srcset=\"https:\/\/ciutatmosaicterritorial.upc.edu\/wp-content\/uploads\/Dialegs_Can_Calopa.jpg 480w, https:\/\/ciutatmosaicterritorial.upc.edu\/wp-content\/uploads\/Dialegs_Can_Calopa-300x300.jpg 300w, https:\/\/ciutatmosaicterritorial.upc.edu\/wp-content\/uploads\/Dialegs_Can_Calopa-250x250.jpg 250w\" sizes=\"(max-width: 480px) 100vw, 480px\" \/><\/figure>\n\n\n\n<p><\/p>\n","protected":false},"excerpt":{"rendered":"<p>OBERTES LES INSCRIPCIONS PEL PROPER DI\u00c0LEG A L&#8217;ERA DE CAN CALOPA<\/p>\n","protected":false},"author":1,"featured_media":956,"comment_status":"open","ping_status":"open","sticky":false,"template":"","format":"standard","meta":[],"categories":[1],"tags":[],"_links":{"self":[{"href":"https:\/\/ciutatmosaicterritorial.upc.edu\/index.php?rest_route=\/wp\/v2\/posts\/954"}],"collection":[{"href":"https:\/\/ciutatmosaicterritorial.upc.edu\/index.php?rest_route=\/wp\/v2\/posts"}],"about":[{"href":"https:\/\/ciutatmosaicterritorial.upc.edu\/index.php?rest_route=\/wp\/v2\/types\/post"}],"author":[{"embeddable":true,"href":"https:\/\/ciutatmosaicterritorial.upc.edu\/index.php?rest_route=\/wp\/v2\/users\/1"}],"replies":[{"embeddable":true,"href":"https:\/\/ciutatmosaicterritorial.upc.edu\/index.php?rest_route=%2Fwp%2Fv2%2Fcomments&post=954"}],"version-history":[{"count":2,"href":"https:\/\/ciutatmosaicterritorial.upc.edu\/index.php?rest_route=\/wp\/v2\/posts\/954\/revisions"}],"predecessor-version":[{"id":958,"href":"https:\/\/ciutatmosaicterritorial.upc.edu\/index.php?rest_route=\/wp\/v2\/posts\/954\/revisions\/958"}],"wp:featuredmedia":[{"embeddable":true,"href":"https:\/\/ciutatmosaicterritorial.upc.edu\/index.php?rest_route=\/wp\/v2\/media\/956"}],"wp:attachment":[{"href":"https:\/\/ciutatmosaicterritorial.upc.edu\/index.php?rest_route=%2Fwp%2Fv2%2Fmedia&parent=954"}],"wp:term":[{"taxonomy":"category","embeddable":true,"href":"https:\/\/ciutatmosaicterritorial.upc.edu\/index.php?rest_route=%2Fwp%2Fv2%2Fcategories&post=954"},{"taxonomy":"post_tag","embeddable":true,"href":"https:\/\/ciutatmosaicterritorial.upc.edu\/index.php?rest_route=%2Fwp%2Fv2%2Ftags&post=954"}],"curies":[{"name":"wp","href":"https:\/\/api.w.org\/{rel}","templated":true}]}}