{"id":865,"date":"2020-11-10T08:44:11","date_gmt":"2020-11-10T08:44:11","guid":{"rendered":"https:\/\/ciutatmosaicterritorial.upc.edu\/?p=865"},"modified":"2020-11-10T12:07:44","modified_gmt":"2020-11-10T12:07:44","slug":"activitat-isuf-que-fer-amb-la-ciutat-que-tenim","status":"publish","type":"post","link":"https:\/\/ciutatmosaicterritorial.upc.edu\/?p=865","title":{"rendered":"Activitat ISUF: Qu\u00e8 fer amb la ciutat que tenim?"},"content":{"rendered":"\n<p>Dijous, 12 de novembre de 2020 a les 16:00h. Sessi\u00f3 on diversos experts parlaran de la Metr\u00f2poli en recomposici\u00f3 i de les aportacions que es van fer al darrer congr\u00e9s ISUF-H.<\/p>\n\n\n\n<!--more-->\n\n\n\n<p>ISUF \u00e9s una associaci\u00f3 internacional creada el 1994 i dirigida a investigadors i professionals de l\u2019\u00e0mbit de la forma urbana i dels camps relacionats amb l\u2019entorn constru\u00eft. Integra m\u00faltiples \u00e0rees del coneixement i de la pr\u00e0ctica de la forma urbana, com ara l\u2019arquitectura, la geografia, la Hist\u00f2ria, la sociologia i la planificaci\u00f3 urban\u00edstica.<\/p>\n\n\n\n<p>En aquesta sessi\u00f3 diversos experts parlaran de la Metr\u00f2poli en recomposici\u00f3 i de les aportacions que es van fer en el darrer congr\u00e9s d\u2019ISUF per abordar la qualitat de vida de les metr\u00f2polis i en especial de Barcelona des de la perspectiva de l\u2019equitat, la inclusi\u00f3 de les ciutadanies i les formes urbanes com a expressi\u00f3 de la diversitat de situacions socioculturals i econ\u00f2miques.<\/p>\n\n\n\n<p>Hi participen:<\/p>\n\n\n\n<p><strong>Carlos Llop<\/strong>, Director del Congr\u00e9s ISUF h Barcelona 2020 i professor DUOT UPC.<br><strong>Marina Cervera<\/strong>, Codirectora del Congr\u00e9s ISUF h Barcelona 2020 i professora DUOT UPC<br><strong>Bet Tu\u00e0<\/strong>, Nova Agenda Urbana de Catalunya<br><strong>In\u00e9s Aquilu\u00e9<\/strong>, professora DUOT UPC<\/p>\n\n\n\n<p>\u00b7&nbsp;&nbsp;&nbsp;&nbsp;&nbsp;&nbsp;&nbsp;&nbsp;&nbsp;&nbsp;&nbsp;&nbsp;&nbsp;&nbsp;&nbsp;&nbsp;&nbsp;&nbsp;&nbsp;&nbsp;<strong>Data:<\/strong><strong>&nbsp;<\/strong><strong>12\/11\/20<\/strong><strong><\/strong><\/p>\n\n\n\n<p>\u00b7&nbsp;&nbsp;&nbsp;&nbsp;&nbsp;&nbsp;&nbsp;&nbsp;&nbsp;&nbsp;&nbsp;&nbsp;&nbsp;&nbsp;&nbsp;&nbsp;&nbsp;&nbsp;&nbsp;&nbsp;<strong>Horari:<\/strong><strong>&nbsp;<\/strong><strong>16:00h<\/strong><strong><\/strong><\/p>\n\n\n\n<p>\u00b7&nbsp;&nbsp;&nbsp;&nbsp;&nbsp;&nbsp;&nbsp;&nbsp;&nbsp;&nbsp;&nbsp;&nbsp;&nbsp;&nbsp;&nbsp;&nbsp;&nbsp;&nbsp;&nbsp;&nbsp;<strong>Durada:<\/strong><strong>&nbsp;<\/strong><strong>120&#8242;<\/strong><strong><\/strong><\/p>\n\n\n\n<p><strong>\u00b7&nbsp;&nbsp;&nbsp;&nbsp;&nbsp;&nbsp;&nbsp;&nbsp;&nbsp;&nbsp;&nbsp;&nbsp;&nbsp;&nbsp;&nbsp;&nbsp;&nbsp;&nbsp;&nbsp;&nbsp;<\/strong><strong>Idioma:<\/strong><strong>&nbsp;Catal\u00e0<\/strong><\/p>\n\n\n\n<p><strong>\u00b7&nbsp;&nbsp;&nbsp;&nbsp;&nbsp;&nbsp;&nbsp;&nbsp;&nbsp;&nbsp;&nbsp;&nbsp;&nbsp;&nbsp;&nbsp;&nbsp;&nbsp;&nbsp;&nbsp;&nbsp;<\/strong><strong>Format:<\/strong><strong>&nbsp;Reproducci\u00f3 en directe<\/strong><strong><\/strong><\/p>\n\n\n\n<p><strong>\u00b7&nbsp;&nbsp;&nbsp;&nbsp;&nbsp;&nbsp;&nbsp;&nbsp;&nbsp;&nbsp;&nbsp;&nbsp;&nbsp;&nbsp;&nbsp;&nbsp;&nbsp;&nbsp;&nbsp;&nbsp;<\/strong><strong>Organitzadors:&nbsp;<\/strong><strong><a href=\"https:\/\/isuf-h-congreso-barcelona-2020.com\/isuh-h\/\" target=\"_blank\" rel=\"noreferrer noopener\">ISUF-H<\/a><\/strong><\/p>\n\n\n\n<p>Veure tota la programaci\u00f3: <a rel=\"noreferrer noopener\" href=\"https:\/\/www.barcelona.cat\/smart-city-week\/ca\/programa\/\" target=\"_blank\">https:\/\/www.barcelona.cat\/smart-city-week\/ca\/programa\/<\/a><\/p>\n\n\n\n<p><a rel=\"noreferrer noopener\" href=\"https:\/\/www.barcelona.cat\/smart-city-week\/ca\/activitat\/activitat-isuf-que-fer-amb-la-ciutat-que-tenim\/\" target=\"_blank\"><strong>Veure v\u00eddeo i registrar-me (per accedir al xat)<\/strong><\/a><\/p>\n\n\n\n<p><a rel=\"noreferrer noopener\" href=\"https:\/\/www.youtube.com\/channel\/UCdqKuiUq9JhvOLipkbDfVOw\" target=\"_blank\"><strong>Veure v\u00eddeo sense registre<\/strong><\/a><\/p>\n\n\n<p><!--EndFragment--><br>\n<br>\n<\/p>","protected":false},"excerpt":{"rendered":"<p>Dijous, 12 de novembre de 2020 a les 16:00h. Sessi\u00f3 on diversos experts parlaran de la Metr\u00f2poli en recomposici\u00f3 i [&hellip;]<\/p>\n","protected":false},"author":1,"featured_media":870,"comment_status":"open","ping_status":"open","sticky":false,"template":"","format":"standard","meta":[],"categories":[1],"tags":[],"_links":{"self":[{"href":"https:\/\/ciutatmosaicterritorial.upc.edu\/index.php?rest_route=\/wp\/v2\/posts\/865"}],"collection":[{"href":"https:\/\/ciutatmosaicterritorial.upc.edu\/index.php?rest_route=\/wp\/v2\/posts"}],"about":[{"href":"https:\/\/ciutatmosaicterritorial.upc.edu\/index.php?rest_route=\/wp\/v2\/types\/post"}],"author":[{"embeddable":true,"href":"https:\/\/ciutatmosaicterritorial.upc.edu\/index.php?rest_route=\/wp\/v2\/users\/1"}],"replies":[{"embeddable":true,"href":"https:\/\/ciutatmosaicterritorial.upc.edu\/index.php?rest_route=%2Fwp%2Fv2%2Fcomments&post=865"}],"version-history":[{"count":4,"href":"https:\/\/ciutatmosaicterritorial.upc.edu\/index.php?rest_route=\/wp\/v2\/posts\/865\/revisions"}],"predecessor-version":[{"id":869,"href":"https:\/\/ciutatmosaicterritorial.upc.edu\/index.php?rest_route=\/wp\/v2\/posts\/865\/revisions\/869"}],"wp:featuredmedia":[{"embeddable":true,"href":"https:\/\/ciutatmosaicterritorial.upc.edu\/index.php?rest_route=\/wp\/v2\/media\/870"}],"wp:attachment":[{"href":"https:\/\/ciutatmosaicterritorial.upc.edu\/index.php?rest_route=%2Fwp%2Fv2%2Fmedia&parent=865"}],"wp:term":[{"taxonomy":"category","embeddable":true,"href":"https:\/\/ciutatmosaicterritorial.upc.edu\/index.php?rest_route=%2Fwp%2Fv2%2Fcategories&post=865"},{"taxonomy":"post_tag","embeddable":true,"href":"https:\/\/ciutatmosaicterritorial.upc.edu\/index.php?rest_route=%2Fwp%2Fv2%2Ftags&post=865"}],"curies":[{"name":"wp","href":"https:\/\/api.w.org\/{rel}","templated":true}]}}