{"id":829,"date":"2020-04-06T08:50:19","date_gmt":"2020-04-06T08:50:19","guid":{"rendered":"https:\/\/ciutatmosaicterritorial.upc.edu\/?p=829"},"modified":"2020-04-06T10:13:51","modified_gmt":"2020-04-06T10:13:51","slug":"publicacio-carreteres-paisatge-turisme","status":"publish","type":"post","link":"https:\/\/ciutatmosaicterritorial.upc.edu\/?p=829","title":{"rendered":"Publicaci\u00f3 Carreteres, paisatge, turisme"},"content":{"rendered":"\n<p><\/p>\n\n\n\n<p>La Direcci\u00f3 General de Turisme del Departament d\u2019Empresa i Coneixement de la Generalitat de Catalunya i l\u2019Observatori del Paisatge presenten la publicaci\u00f3 <strong>Carreteres, paisatge, turisme. Bases per a la definici\u00f3 d\u2019un model per a Catalunya.<\/strong><\/p>\n<p><!--more--><\/p>\n\n<p>El document, resultat de la col\u00b7laboraci\u00f3 entre la Direcci\u00f3 General de Turisme del Departament d\u2019Empresa i Coneixement de la Generalitat de Catalunya i l\u2019Observatori del Paisatge, planteja una nova mirada i un nou model per a Catalunya que enforteixin la relaci\u00f3 entre les carreteres, el paisatge i el turisme, amb propostes que incorporin noves formes de planificaci\u00f3, \u00fas, governan\u00e7a i comunicaci\u00f3, i que promoguin models de turisme i de mobilitat responsables.<\/p>\n\n<p>De quina manera pot contribuir una carretera a recon\u00e8ixer, activar culturalment, social i econ\u00f2mica, i divulgar els valors paisatg\u00edstics del pa\u00eds? \nEl document planteja l\u2019oportunitat que el paisatge deixi de percebre\u2019s \u00fanicament com un mer decorat o fons esc\u00e8nic i es converteixi en el protagonista de noves experi\u00e8ncies de viatge i de relaci\u00f3 amb el territori.<\/p>\n\n<a href=\"http:\/\/www.catpaisatge.net\/fitxers\/docs\/politiques\/CarreteresPaisatgeiTurisme.pdf\">Llegeix el document Carreteres, paisatge, turisme<\/a>\n\n\n\n<p><\/p>\n","protected":false},"excerpt":{"rendered":"<p>La Direcci\u00f3 General de Turisme del Departament d\u2019Empresa i Coneixement de la Generalitat de Catalunya i l\u2019Observatori del Paisatge presenten [&hellip;]<\/p>\n","protected":false},"author":1,"featured_media":833,"comment_status":"open","ping_status":"open","sticky":false,"template":"","format":"standard","meta":[],"categories":[1],"tags":[],"_links":{"self":[{"href":"https:\/\/ciutatmosaicterritorial.upc.edu\/index.php?rest_route=\/wp\/v2\/posts\/829"}],"collection":[{"href":"https:\/\/ciutatmosaicterritorial.upc.edu\/index.php?rest_route=\/wp\/v2\/posts"}],"about":[{"href":"https:\/\/ciutatmosaicterritorial.upc.edu\/index.php?rest_route=\/wp\/v2\/types\/post"}],"author":[{"embeddable":true,"href":"https:\/\/ciutatmosaicterritorial.upc.edu\/index.php?rest_route=\/wp\/v2\/users\/1"}],"replies":[{"embeddable":true,"href":"https:\/\/ciutatmosaicterritorial.upc.edu\/index.php?rest_route=%2Fwp%2Fv2%2Fcomments&post=829"}],"version-history":[{"count":7,"href":"https:\/\/ciutatmosaicterritorial.upc.edu\/index.php?rest_route=\/wp\/v2\/posts\/829\/revisions"}],"predecessor-version":[{"id":838,"href":"https:\/\/ciutatmosaicterritorial.upc.edu\/index.php?rest_route=\/wp\/v2\/posts\/829\/revisions\/838"}],"wp:featuredmedia":[{"embeddable":true,"href":"https:\/\/ciutatmosaicterritorial.upc.edu\/index.php?rest_route=\/wp\/v2\/media\/833"}],"wp:attachment":[{"href":"https:\/\/ciutatmosaicterritorial.upc.edu\/index.php?rest_route=%2Fwp%2Fv2%2Fmedia&parent=829"}],"wp:term":[{"taxonomy":"category","embeddable":true,"href":"https:\/\/ciutatmosaicterritorial.upc.edu\/index.php?rest_route=%2Fwp%2Fv2%2Fcategories&post=829"},{"taxonomy":"post_tag","embeddable":true,"href":"https:\/\/ciutatmosaicterritorial.upc.edu\/index.php?rest_route=%2Fwp%2Fv2%2Ftags&post=829"}],"curies":[{"name":"wp","href":"https:\/\/api.w.org\/{rel}","templated":true}]}}