{"id":803,"date":"2019-12-11T08:36:26","date_gmt":"2019-12-11T08:36:26","guid":{"rendered":"https:\/\/ciutatmosaicterritorial.upc.edu\/?p=803"},"modified":"2019-12-11T08:48:20","modified_gmt":"2019-12-11T08:48:20","slug":"iv-congr%c3%a9s-isuf-h-barcelona-setembre-2020","status":"publish","type":"post","link":"https:\/\/ciutatmosaicterritorial.upc.edu\/?p=803","title":{"rendered":"IV Congreso ISUF-H Barcelona"},"content":{"rendered":"<p>Barcelona, 28, 29 y 30 de septiembre de 2020<br \/>\n<strong>IV Congreso del Seminario Internacional sobre la Forma Urbana, ISUF- H <\/strong><\/p>\n<p><!--more--><\/p>\n<p><strong>Convocatoria de presentaci\u00f3n de res\u00famenes &#8211;<em>abstracts<\/em>&#8211; de comunicaciones  <em>(call for papers)<\/em><\/strong><\/p>\n<p>Nos complace anunciar que la convocatoria de res\u00famenes para el IV Congreso ISUF-H \u201cFORMA URBIS y territorios metropolitanos. Metr\u00f3polis en recomposici\u00f3n. Prospectivas proyectuales en el siglo XXI\u201d ya est\u00e1 abierta!<\/p>\n<p>En el <strong>IV Congreso ISUF-H \u201cFORMA URBIS y territorios metropolitanos. Metr\u00f3polis en recomposici\u00f3n. Prospectivas proyectuales en el siglo XXI\u201d a celebrar en Barcelona septiembre del  2020<\/strong>, nos planteamos abordar las <strong>claves para la regeneraci\u00f3n de los territorios contempor\u00e1neos<\/strong>. Desde una doble visi\u00f3n diacr\u00f3nica y prospectiva, planteamos profundizar en las aportaciones sobre el conocimiento de  las formas urbanas y territoriales y sobre los procesos recientes que han condicionado su actual estado. Se trata pues de enfocar posiciones y tesis que sean \u00fatiles para la gesti\u00f3n de las transformaciones urbanas y territoriales que mejoren su eficiencia,  poniendo la mirada en  las realidades actuales de las metr\u00f3polis en recomposici\u00f3n.<\/p>\n<p>Desde el <strong>foco puesto en las aproximaciones morfolog\u00edstas para la comprensi\u00f3n e intervenci\u00f3n en los territorios actuales<\/strong>, plantearemos, como eje tem\u00e1tico del Congreso, una revisi\u00f3n desde la perspectiva hist\u00f3rica, de c\u00f3mo aquellas han evolucionado y de cu\u00e1les son las posiciones te\u00f3ricas m\u00e1s relevantes que describen las territorialidades contempor\u00e1neas. Para ello, las ponencias del Congreso (ejes tem\u00e1ticos del mismo) aportar\u00e1n una <strong>visi\u00f3n retrospectiva y prospectiva sobre las \u201cescuelas\u201d que mayor protagonismo han tenido en el estudio de la forma urbis: brit\u00e1nica, francesa, holandesa,  italiana e  ib\u00e9rica.<\/strong><\/p>\n<p>Se propone organizar las distintas sesiones de trabajo en torno a seis \u00e1mbitos tem\u00e1ticos, como \u00e1mbitos de discusi\u00f3n transversales, en los que se est\u00e1n centrando los debates contempor\u00e1neos sobre la morfolog\u00eda urbana entendida en sentido amplio. Se sugieren para orientar las correspondientes comunicaciones \u2013calls for abstracts- las siguientes l\u00edneas tem\u00e1ticas del Congreso:<\/p>\n<p><strong>\u00c1MBITOS Y L\u00cdNEAS TEM\u00c1TICAS:<\/strong><br \/>\n<strong>A1 TERRITORIOS SENSIBLES. GEOGRAF\u00cdAS Y PAISAJES EN TRANSFORMACI\u00d3N<\/strong><br \/>\n\u00b7 TERRITORIOS SENSIBLES: TERRITORIOS LITORALES<br \/>\n\u00b7 TERRITORIOS SENSIBLES: NUEVAS MOVILIDADES Y MAAS (Mobility as a Service)<br \/>\n\u00b7 TERRITORIOS SENSIBLES: SHRINKING CITIES<br \/>\n\u00b7 TERRITORIOS SENSIBLES: TURISMO<br \/>\n\u00b7 PAISAJE, PAISAJE CULTURAL Y PATRIMONIO<\/p>\n<p><strong>A2 DIN\u00c1MICAS URBANAS Y TERRITORIALES: METABOLISMO, DESIGUALDADES SOCIALES, RESILIENCIA Y REGENERACI\u00d3N<\/strong><br \/>\n\u00b7 REGENERACI\u00d3N URBANA Y TERRITORIAL<br \/>\n\u00b7 ECOURBANISMO Y METABOLISMO SOCIAL<br \/>\n\u00b7 CIUDADES RESILIENTES: CLIMA, ENERGIA, AIRE, RESILIENCIA<br \/>\n\u00b7 BARRIOS PRECARIOS Y TRANSFORMACIONES URBANAS<\/p>\n<p><strong>A3 TEORIA, DISRUPCI\u00d3N DIGITAL Y VISUALIZACI\u00d3N, PRAXIS, FORMACI\u00d3N Y DIFUSI\u00d3N<\/strong><br \/>\n\u00b7 TEOR\u00cdAS, HISTORIA URBANA, HISTORIOGRAF\u00cdA DE LAS IDEAS URBAN\u00cdSTICAS Y METODOLOG\u00cdAS URBAN\u00cdSTICAS<br \/>\n\u00b7 LAS CIUDADES Y SUS TESIS<br \/>\n\u00b7 FORMAS URBANAS, DATA Y CARTOGRAF\u00cdAS, MAPPING, SIMULADORES Y VISUALIZADORES<br \/>\n\u00b7 ENSE\u00d1ANZA Y PEDAGOG\u00cdA DEL URBANISMO, DIFUSI\u00d3N Y PRAXIS PROFESIONAL<\/p>\n<p><strong>A4 BASES DEL PROYECTO URBANO Y TERRITORIAL: FORMA Y ESTRUCTURA<\/strong><br \/>\n\u00b7 FORMA, ESTRUCTURA URBANA Y TERRITORIAL, E INFRAESTRUCTURAS<br \/>\n\u00b7 FORMA, ESTRUCTURA URBANA Y TERRITORIAL, EQUIPAMIENTO Y DOTACIONES<br \/>\n\u00b7 FORMA, ESTRUCTURA URBANA Y TERRITORIAL, ESPACIO P\u00daBLICO Y ESPACIOS<br \/>\n\u00b7 FORMA, ESTRUCTURA URBANA Y TERRITORIAL, TRAMAS RESIDENCIALES Y VIVIENDA<\/p>\n<p><strong>A5 BASES DE LA PLANIFICACI\u00d3N, PROGRAMA, PROYECTO, GESTI\u00d3N<\/strong><br \/>\n\u00b7 ESTRATEGIAS, PROGRAMAS URBAN\u00cdSTICOS PROYECTUALES Y DE PLANIFICACI\u00d3N E IMPLEMENTACI\u00d3N<br \/>\n\u00b7 PROGRAMAS, PLANES Y PROYECTOS METROPOLITANOS<br \/>\n\u00b7 PLANIFICACI\u00d3N URBAN\u00cdSTICA TERRITORIAL Y METROPOLITANA DE BARCELONA<br \/>\n\u00b7 PROYECTO URBANO<\/p>\n<p><strong>A6 POL\u00cdTICAS URBANAS Y TERRITORIALES, DERECHOS Y CIUDADAN\u00cdA<\/strong><br \/>\n\u00b7 POL\u00cdTICAS URBANAS Y TERRITORIALES<br \/>\n\u00b7 DERECHOS Y CIUDADANIA<br \/>\n\u00b7 DISPOSITIVOS E INSTRUMENTOS DE PARTICIPACI\u00d3N<br \/>\n\u00b7 CREATIVIDAD SOCIAL Y NUEVAS AGENDAS URBANAS Y TERRITORIALES<\/p>\n<p>El Congreso se llevar\u00e1 a cabo en el la Escuela T\u00e9cnica Superior de Arquitectura de Barcelona, el Centro Cultural el Born, los d\u00edas 28, 29 de septiembre y en BITHABITAT el 30 de septiembre del 2020 en Barcelona.<\/p>\n<p>Invitamos a todos los interesados a participar en el Congreso y a presentar los abstracts de comunicaciones (fecha l\u00edmite el 1 de febrero de 2020) a trav\u00e9s del siguiente link: <a href=\"https:\/\/congres.manners.es\/ISUF-H\/\" title=\"https:\/\/congres.manners.es\/ISUF-H\/\" target=\"_blank\">https:\/\/congres.manners.es\/ISUF-H\/<\/a><\/p>\n<p>La informaci\u00f3n completa sobre el Congreso (Organizaci\u00f3n, Programa, Presentaci\u00f3n de Comunicaciones, Sede y Registro) ya est\u00e1 abierta en <a href=\"http:\/\/isuf-h-congreso-barcelona-2020.com\/\" title=\"http:\/\/isuf-h-congreso-barcelona-2020.com\/\" target=\"_blank\">http:\/\/isuf-h-congreso-barcelona-2020.com\/<\/a>  <\/p>\n<p>Esperamos darle la bienvenida en Barcelona en septiembre de 2020. Con nuestros mejores deseos recibe un cordial saludo. Te esperamos!!!!<\/p>\n<p><strong>Direcci\u00f3n del congreso<\/strong><br \/>\nCarlos Llop Torn\u00e9 (Profesor Titular Acreditado ANECA Catedr\u00e1tico de Urbanismo, Universidad Polit\u00e9cnica de Catalu\u00f1a).<\/p>\n<p><strong>Adjuntos a direcci\u00f3n:<\/strong><br \/>\nMarina Cervera (Profesora MAP, Universidad Polit\u00e9cnica de Catalu\u00f1a).Coordinadora de Ponencias y enlaces con grupos de investigaci\u00f3n.<br \/>\nFrancesc Peremiquel (Profesor Titular, Universidad Polit\u00e9cnica de Catalu\u00f1a). Coordinador de Comunicaciones y de Actas.<\/p>\n<p><strong>PRESIDENTES DE HONOR<\/strong><br \/>\nHoracio Capel S\u00e1ez, Catedr\u00e1tico Em\u00e9rito de Geograf\u00eda Humana, UB<br \/>\nAntonio Font Arellano, Catedr\u00e1tico Em\u00e9rito de Urban\u00edstica, UPC<\/p>\n<p><strong>COMIT\u00c9 ORGANIZADOR<\/strong><br \/>\nUniversitat Polit\u00e8cnica de Catalunya<br \/>\nEscola T\u00e9cnica Superior d\u2019Arquitectura de Barcelona<br \/>\nEscola T\u00e9cnica Superior d\u2019Arquitectura del Vall\u00e8s<br \/>\nDepartament d\u2019Urbanisme i Ordenaci\u00f3 del Territori<br \/>\nAlbert Cuch\u00ed<br \/>\nJuli\u00e1n Galindo<br \/>\nSebasti\u00e0 Jornet<br \/>\nJoan Moreno<br \/>\nMelisa Pesoa<br \/>\nEstanislao Roca<br \/>\nCatalina Salv\u00e0<br \/>\nF\u00e9lix Solaguren<\/p>\n<p><strong>COMIT\u00c9 CIENT\u00cdFICO<\/strong><br \/>\nVer la web del Congreso<\/p>\n<p>Web del Congreso: <a href=\"http:\/\/isuf-h-congreso-barcelona-2020.com\/\" title=\"http:\/\/isuf-h-congreso-barcelona-2020.com\/\" target=\"_blank\">http:\/\/isuf-h-congreso-barcelona-2020.com\/<\/a>  <\/p>\n<p>Contacto secretar\u00eda: M\u00f2nica Mackay <strong>Isuf2020@manners.es<\/strong><\/p>\n","protected":false},"excerpt":{"rendered":"<p>Barcelona, 28, 29 y 30 de septiembre de 2020 IV Congreso del Seminario Internacional sobre la Forma Urbana, ISUF- H<\/p>\n","protected":false},"author":1,"featured_media":815,"comment_status":"open","ping_status":"open","sticky":false,"template":"","format":"standard","meta":[],"categories":[1],"tags":[],"_links":{"self":[{"href":"https:\/\/ciutatmosaicterritorial.upc.edu\/index.php?rest_route=\/wp\/v2\/posts\/803"}],"collection":[{"href":"https:\/\/ciutatmosaicterritorial.upc.edu\/index.php?rest_route=\/wp\/v2\/posts"}],"about":[{"href":"https:\/\/ciutatmosaicterritorial.upc.edu\/index.php?rest_route=\/wp\/v2\/types\/post"}],"author":[{"embeddable":true,"href":"https:\/\/ciutatmosaicterritorial.upc.edu\/index.php?rest_route=\/wp\/v2\/users\/1"}],"replies":[{"embeddable":true,"href":"https:\/\/ciutatmosaicterritorial.upc.edu\/index.php?rest_route=%2Fwp%2Fv2%2Fcomments&post=803"}],"version-history":[{"count":13,"href":"https:\/\/ciutatmosaicterritorial.upc.edu\/index.php?rest_route=\/wp\/v2\/posts\/803\/revisions"}],"predecessor-version":[{"id":822,"href":"https:\/\/ciutatmosaicterritorial.upc.edu\/index.php?rest_route=\/wp\/v2\/posts\/803\/revisions\/822"}],"wp:featuredmedia":[{"embeddable":true,"href":"https:\/\/ciutatmosaicterritorial.upc.edu\/index.php?rest_route=\/wp\/v2\/media\/815"}],"wp:attachment":[{"href":"https:\/\/ciutatmosaicterritorial.upc.edu\/index.php?rest_route=%2Fwp%2Fv2%2Fmedia&parent=803"}],"wp:term":[{"taxonomy":"category","embeddable":true,"href":"https:\/\/ciutatmosaicterritorial.upc.edu\/index.php?rest_route=%2Fwp%2Fv2%2Fcategories&post=803"},{"taxonomy":"post_tag","embeddable":true,"href":"https:\/\/ciutatmosaicterritorial.upc.edu\/index.php?rest_route=%2Fwp%2Fv2%2Ftags&post=803"}],"curies":[{"name":"wp","href":"https:\/\/api.w.org\/{rel}","templated":true}]}}