{"id":791,"date":"2019-10-09T14:47:29","date_gmt":"2019-10-09T14:47:29","guid":{"rendered":"https:\/\/ciutatmosaicterritorial.upc.edu\/?p=791"},"modified":"2019-12-11T08:40:02","modified_gmt":"2019-12-11T08:40:02","slug":"seminari-hiperlieux-mobiles-etsav","status":"publish","type":"post","link":"https:\/\/ciutatmosaicterritorial.upc.edu\/?p=791","title":{"rendered":"Seminari Hiperlieux Mobiles ETSAV"},"content":{"rendered":"<p>SEMINARI HIPERLIEUX MOBILES<br \/>\n3 D&#8217;OCTUBRE DE 2019<br \/>\nETSAV<\/p>\n<p><!--more--><\/p>\n<p>El projecte Hiperllocs M\u00f2bils pret\u00e9n identificar i estudiar les pr\u00e0ctiques actuals en les activitats en moviment, m\u00e9s enll\u00e0 del simple transport de persones o de bens, per:<br \/>\n&#8211;Comprendre millor les mutacions radicals en curs de les activitats m\u00f2bils<br \/>\n&#8211;Definir les caracter\u00edstiques dels nous espais indu\u00efts per l\u2019arribada dels vehicles h\u00edbrids i multifuncionals<br \/>\n&#8211;Proposar nous tipus o exemples de demostraci\u00f3 de serveis o de microespais urbans m\u00f2bils, a partir de models d\u2019\u00fas diferents.<\/p>\n<p>Reptes i desafiaments<br \/>\n&#8211;Un repte per als territoris: accessibilitat a les amenitats urbanes per a tots i per a cadasc\u00fa<br \/>\n&#8211;Un repte per als urbanitzadors: promoure i associar les activitats m\u00f2bils per produir urbanitat<br \/>\n&#8211;Un repte per al disseny: redissenyar els espais de la ciutat a partir dels nous vehicles<br \/>\n&#8211;Un repte per als operadors de transport col\u00b7lectiu: augmentar el valor del moviment per l\u2019activitat<br \/>\n&#8211;Un repte per al m\u00f3n de la log\u00edstica: crear espais de log\u00edstica m\u00f2bils<br \/>\n&#8211;Un repte per als industrials: promoure la lleugeresa, la sobrietat energ\u00e8tica, l\u2019adaptabilitat dels vehicles<br \/>\n&#8211;Un repte per al negoci: crear valor afegit i una oferta a la demanda gr\u00e0cies al moviment<br \/>\n&#8211;Un repte per al conjunt de la societat i per a cadasc\u00fa individualment: una oportunitat per disminuir les mobilitats obligades<\/p>\n<p>PROGRAMA SEMINARI 3 OCTUBRE 2019<\/p>\n<p>10&#8217;00 Benvinguda i presentaci\u00f3 del projecte Hyperlieux Mobiles.<br \/>\nMireille Apel-Muller (IVM)<\/p>\n<p>10&#8217;15 Programa del projecte cas d\u2019estudi: Dentistes sobre rodes.<br \/>\nAlfonso Jaume Campomar (DSR)<\/p>\n<p>10&#8217;45 Debat sobre les experi\u00e8ncies de l&#8217;activitat Dentistes sobre rodes i An\u00e0lisi del dispositiu de Dentistes sobre rodes (a nivell<br \/>\nt\u00e8cnic, d\u2019organitzaci\u00f3, i de prestaci\u00f3 de serveis), m i de la relaci\u00f3 amb l\u2019espai i les persones (mec\u00e0nica, electr\u00f2nica, digital, xarxes, interacci\u00f3)<\/p>\n<p>11&#8217;45 Pausa-caf\u00e9<\/p>\n<p>12&#8217;15 Propostes i perspectives de millora i innovaci\u00f3 del projecte Dentistes sobre rodes des de la perspectiva del projecte Hiperllocs M\u00f2bils<\/p>\n<p>13&#8217;30 Pausa<\/p>\n<p>15&#8217;00 Qu\u00e8 podem esperar dels Hyperlieux mobiles, m\u00e9s enll\u00e0 del transport?<br \/>\nMireille Apel-Muller (IVM)<\/p>\n<p>15&#8217;30 Exemples i demostracions d\u2019altres projectes Hyperlieux Mobiles.<br \/>\nChristine Chaubet (IVM)<\/p>\n<p>16&#8217;00 Refer\u00e8ncia per a la millora : Experi\u00e8ncia TOUTENKAMION.<br \/>\nFranck Tartinville (director comercial de Toutenkamion)<\/p>\n<p>16&#8217;30 Debat sobre com fer espai p\u00fablic amb els recursos que promou Hyperlieux Mobiles<\/p>\n<p>17&#8217;30 Final de seminari<\/p>\n<p>18&#8217;00 Cloenda i cordialitats<\/p>\n<p><a href=\"https:\/\/app.box.com\/s\/fu8zerarbzit431hgx1hk6793ma8ltad\">Programa Seminari 3 octubre<\/a><\/p>\n<p><a href=\"http:\/\/mobilehyperplaces.com\">www.mobilehyperplaces.com<\/a><\/p>\n","protected":false},"excerpt":{"rendered":"<p>SEMINARI HIPERLIEUX MOBILES 3 D&#8217;OCTUBRE DE 2019 ETSAV<\/p>\n","protected":false},"author":1,"featured_media":798,"comment_status":"open","ping_status":"open","sticky":false,"template":"","format":"standard","meta":[],"categories":[1],"tags":[],"_links":{"self":[{"href":"https:\/\/ciutatmosaicterritorial.upc.edu\/index.php?rest_route=\/wp\/v2\/posts\/791"}],"collection":[{"href":"https:\/\/ciutatmosaicterritorial.upc.edu\/index.php?rest_route=\/wp\/v2\/posts"}],"about":[{"href":"https:\/\/ciutatmosaicterritorial.upc.edu\/index.php?rest_route=\/wp\/v2\/types\/post"}],"author":[{"embeddable":true,"href":"https:\/\/ciutatmosaicterritorial.upc.edu\/index.php?rest_route=\/wp\/v2\/users\/1"}],"replies":[{"embeddable":true,"href":"https:\/\/ciutatmosaicterritorial.upc.edu\/index.php?rest_route=%2Fwp%2Fv2%2Fcomments&post=791"}],"version-history":[{"count":6,"href":"https:\/\/ciutatmosaicterritorial.upc.edu\/index.php?rest_route=\/wp\/v2\/posts\/791\/revisions"}],"predecessor-version":[{"id":812,"href":"https:\/\/ciutatmosaicterritorial.upc.edu\/index.php?rest_route=\/wp\/v2\/posts\/791\/revisions\/812"}],"wp:featuredmedia":[{"embeddable":true,"href":"https:\/\/ciutatmosaicterritorial.upc.edu\/index.php?rest_route=\/wp\/v2\/media\/798"}],"wp:attachment":[{"href":"https:\/\/ciutatmosaicterritorial.upc.edu\/index.php?rest_route=%2Fwp%2Fv2%2Fmedia&parent=791"}],"wp:term":[{"taxonomy":"category","embeddable":true,"href":"https:\/\/ciutatmosaicterritorial.upc.edu\/index.php?rest_route=%2Fwp%2Fv2%2Fcategories&post=791"},{"taxonomy":"post_tag","embeddable":true,"href":"https:\/\/ciutatmosaicterritorial.upc.edu\/index.php?rest_route=%2Fwp%2Fv2%2Ftags&post=791"}],"curies":[{"name":"wp","href":"https:\/\/api.w.org\/{rel}","templated":true}]}}