{"id":770,"date":"2019-05-28T15:45:40","date_gmt":"2019-05-28T15:45:40","guid":{"rendered":"https:\/\/ciutatmosaicterritorial.upc.edu\/?p=770"},"modified":"2019-05-28T16:08:26","modified_gmt":"2019-05-28T16:08:26","slug":"exposici%c3%b3-les-routes-du-futur-du-grand-paris","status":"publish","type":"post","link":"https:\/\/ciutatmosaicterritorial.upc.edu\/?p=770","title":{"rendered":"LES ROUTES DU FUTUR DU GRAND PARIS"},"content":{"rendered":"<p>Inauguraci\u00f3 de l&#8217;exposici\u00f3: Dijous 6 de juny de 2019 a les 18:00h<br \/>\nAl Pavillon de l&#8217;Arsenal, Par\u00eds, del 7 de juny a l&#8217;1 de setembre de 2019<br \/>\nPropostes dels 4 equips sobre el Grand Paris<\/p>\n<p><!--more--><\/p>\n<p><strong>Inauguraci\u00f3 de l&#8217;exposici\u00f3 LES ROUTES DU FUTUR DU GRAND PARIS<br \/>\nDijous 6 de juny de 2019 a les 18:00h al Pavillon de l&#8217;Arsenal, Par\u00eds <\/strong><br \/>\n<a href=\"http:\/\/www.pavillon-arsenal.com\/fr\/expositions\/11323-les-routes-du-futur-du-grand-paris.html?fbclid=IwAR0m_q6KB9LVri7n4cPaxWMo_3gyyBO4p4LCcxoG98s-MvBZ0JVhiyCE6kA\" title=\"Informaci\u00f3 de l'exposici\u00f3\" target=\"_blank\">Informaci\u00f3 de l&#8217;exposici\u00f3<\/a><br \/>\n<a href=\"https:\/\/www.facebook.com\/events\/601163550292371\/\" title=\"Esdeveniment Facebook\" target=\"_blank\">Esdeveniment Facebook<\/a>  <\/p>\n<p>Quel devenir pour le r\u00e9seau routier du Grand Paris?<br \/>\nQuelles transformations mener pour am\u00e9liorer les mobilit\u00e9s, r\u00e9duire les nuisances et favoriser l\u2019insertion du r\u00e9seau dans son environnement?<br \/>\n4 \u00e9quipes pluridisciplinaires s\u00e9lectionn\u00e9es par les collectivit\u00e9s au sein du Forum m\u00e9tropolitain du Grand Paris, avec la Mairie de Paris, la R\u00e9gion \u00cele-de-France et l\u2019Etat, \u00e0 l\u2019issue d\u2019une consultation internationale, engagent des r\u00e9flexions prospectives et ouvrent un nouveau champ des possibles.<\/p>\n<p><strong>Le Pavillon de l\u2019Arsenal et 10 lieux franciliens pr\u00e9sentent, du 6 juin au 6 octobre 2019 au travers de l\u2019exposition \u00ab Les Routes du futur du Grand Paris \u00bb, le r\u00e9sultat des travaux sur les visions prospectives des \u00e9quipes pour le devenir des autoroutes, boulevard p\u00e9riph\u00e9rique, voies rapides ou structurantes \u00e0 l\u2019horizon 2030 et 2050.<\/strong><\/p>\n<p><strong>La vision novatrice de 4 \u00e9quipes pluridisciplinaires<\/strong><br \/>\nL\u2019exposition et l\u2019ouvrage mettent en lumi\u00e8re les travaux de quatre \u00e9quipes pluridisciplinaires compos\u00e9es d\u2019architectes, d\u2019urbanistes, d\u2019ing\u00e9nieurs, de paysagistes, d\u2019experts en mobilit\u00e9, en environnement et en analyse de trafic. A savoir L\u2019Atelier des mobilit\u00e9s (D&#038;A Devillers&#038;Associ\u00e9s), le Collectif Holos (Richez_Associ\u00e9s), New deal pour le Grand Paris (Seura Architectes) et Rogers Stirk Harbour &#038; Partners (Sun). Leur terrain d\u2019\u00e9tudes s\u2019appuie sur un r\u00e9seau existant qui totalise pr\u00e8s de 1\u200d 000 km d\u2019axes structurants franciliens, comprenant notamment le boulevard p\u00e9riph\u00e9rique, l\u2019A86, la Francilienne, les autoroutes, les voies rapides nationales et les autres voies structurantes jusqu&#8217;\u00e0 la Francilienne.<br \/>\nLes \u00e9quipes pensent un nouvel usage de la route. Leurs travaux montrent comment la route peut \u00eatre repens\u00e9e pour en faire le support d\u2019un syst\u00e8me de transports en commun interconnect\u00e9 avec les autres modes de mobilit\u00e9s, que ce soit les transports en commun ferr\u00e9s, l\u2019autopartage, le v\u00e9lo ou la marche. L\u2019exposition permet de visualiser leurs propositions, de repenser l\u2019insertion des routes dans la ville ainsi que l\u2019am\u00e9nagement des voies ; des focus revisitent le p\u00e9riph\u00e9rique et les grands axes ou n\u0153uds d\u2019interconnexions (A1, A6\u2026). Elle montre \u00e9galement ce qui pourrait changer concr\u00e8tement pour les habitants et usagers dans leur quotidien, notamment dans l\u2019offre de services que cette nouvelle vision permettra d\u2019apporter.<\/p>\n<p><strong>Les routes franciliennes dans le r\u00e9tro <\/strong><br \/>\nPour permettre \u00e0 chacun de mieux appr\u00e9hender les r\u00e9flexions et propositions des 4 \u00e9quipes s\u00e9lectionn\u00e9es, l\u2019exposition invite dans un premier temps \u00e0 d\u00e9couvrir ou red\u00e9couvrir, au travers d\u2019une vingtaine de films, la naissance du r\u00e9seau autoroutier francilien et la transformation progressive de ses usages et son paysage. Cette r\u00e9trospective unique, con\u00e7ue par Mathieu Mercuriali, architecte et docteur en architecture, et r\u00e9alis\u00e9e en grande partie gr\u00e2ce au archives de l\u2019INA, Gaumont et Path\u00e9, retrace les pr\u00e9mices de la mobilit\u00e9 m\u00e9tropolitaine. Premi\u00e8re autoroute en 1935, premier \u00e9changeur \u00e0 Rocquencourt, cr\u00e9ation des autoroutes industrielles ou de loisirs, construction du p\u00e9riph\u00e9rique puis des rocades m\u00e9tropolitaines, chaque film r\u00e9v\u00e8le l\u2019usage et le patrimoine routier jusqu\u2019aux plus r\u00e9centes exp\u00e9rimentations de voies d\u00e9di\u00e9es ou de v\u00e9hicules autonomes.<br \/>\nAu regard de cette histoire et d\u2019une s\u00e9rie de cartographies r\u00e9alis\u00e9es sp\u00e9cialement pour la manifestation qui donne \u00e0 voir l\u2019\u00e9volution du r\u00e9seau et les enjeux actuels de saturation et de nuisances et leur impact sur la vie des usagers, l\u2019exposition d\u00e9voile les visions de chaque \u00e9quipe \u00e0 l\u2019\u00e9chelle r\u00e9gionale mais aussi sur une douzaine de lieux strat\u00e9giques et embl\u00e9matiques de la mobilit\u00e9 en \u00cele-de-France.<\/p>\n<p><strong>Une d\u00e9marche unique et partenariale<\/strong><br \/>\nLa consultation internationale \u00ab Les Routes du futur du Grand Paris \u00bb est une d\u00e9marche unique d\u2019intelligence collective qui associe les structures parties prenantes dans la gouvernance des routes du Grand Paris pour partager un diagnostic et trouver des pistes de solutions communes. Elle a \u00e9galement associ\u00e9 les habitants, les \u00e9lus, les acteurs socio-\u00e9conomiques et tous les publics concern\u00e9s directement ou indirectement par le devenir des routes au moyen d\u2019enqu\u00eates, de visites, de conf\u00e9rences ou de cahiers d\u2019acteurs.<\/p>\n<p>&#8230;&#8230;&#8230;&#8230;&#8230;&#8230;&#8230;&#8230;&#8230;&#8230;&#8230;&#8230;&#8230;&#8230;&#8230;&#8230;&#8230;&#8230;&#8230;&#8230;&#8230;&#8230;&#8230;&#8230;&#8230;&#8230;&#8230;&#8230;&#8230;&#8230;&#8230;&#8230;&#8230;&#8230;&#8230;&#8230;&#8230;&#8230;&#8230;&#8230;&#8230;&#8230;&#8230;&#8230;&#8230;&#8230;&#8230;&#8230;&#8230;&#8230;<br \/>\n<strong>EQUIPES CONSULT\u00c9ES<\/strong><br \/>\n&#8230;&#8230;&#8230;&#8230;&#8230;&#8230;&#8230;&#8230;&#8230;&#8230;&#8230;&#8230;&#8230;&#8230;&#8230;&#8230;&#8230;&#8230;&#8230;&#8230;&#8230;&#8230;&#8230;&#8230;&#8230;&#8230;&#8230;&#8230;&#8230;&#8230;&#8230;&#8230;&#8230;&#8230;&#8230;&#8230;&#8230;&#8230;&#8230;&#8230;&#8230;&#8230;&#8230;&#8230;&#8230;&#8230;&#8230;&#8230;&#8230;&#8230;<\/p>\n<p><strong>ATELIER DES MOBILITES <\/strong><br \/>\n<strong>Ma\u00eetrise d&#8217;\u0153uvre:<\/strong><br \/>\nD&#038;A, architecte urbaniste paysagiste (mandataire)<br \/>\nSETEC,BET<br \/>\n6-t, bureau de recherche APRR, gestionnaire autoroute<br \/>\n<strong>Experts:<\/strong><br \/>\nAtelier des Giboul\u00e9es, communication \/ Logicit\u00e9s, J. Libeskind, logistique \/ Transversal, \u00e9conomie<br \/>\nSempervirens, paysagiste \/ Philippe Vassel, \u00e9crivain \/ Martin Etienne, illustrateur \/ Jean-Pierre Orfeuil, \u00e9conomiste \/ Francis Beaucire, g\u00e9ographe \/ Antoine Pican, historien \/ Alain Bourdin, sociologue \/ Laetitia Dablanc, logistique \/ Mathieu Chassignet, ing\u00e9nieur \/ Jean-Marc Offner, urbaniste<\/p>\n<p><strong>COLLECTIF HOLOS<\/strong><br \/>\n<strong>Ma\u00eetrise d&#8217;\u0153uvre:<\/strong><br \/>\nRichez_Associ\u00e9s, architectes, urbanistes, paysagistes (mandataire)<br \/>\nTransitec, BET mobilit\u00e9  et trafic<br \/>\nFoll\u00e9a-Gautier, paysagistes, urbanistes<br \/>\nTrans-Faire, BET qualit\u00e9 environnementale et \u00e9cologues<br \/>\n<strong>Experts:<\/strong><br \/>\nIRT System X, mobilit\u00e9 innovante AirParif, association de surveillance de la qualit\u00e9 de l&#8217;air \/ Bruno Housset, pollution et sant\u00e9 publique \/ Urban Water, hydrologue St\u00e9phanie Vincent-Geslin, sociologue<br \/>\nIsabelle Nicola\u00ef, g\u00e9ographe-\u00e9conomiste \/ Sohrab Baghery, infrastructures et ouvrages \/ Jean-Dominique Secondi, Arter, direction artistique \/ Philippe Montillet, historien du Grand Paris \/ Mobility ln Chain, mobilit\u00e9 \u00e0 l&#8217;\u00e9chelle mondiale<\/p>\n<p><strong>NEW DEAL <\/strong><br \/>\n<strong>Ma\u00eetrise d&#8217;\u0153uvre:<\/strong><br \/>\nSEU RA architectes, architectes, urbanistes (mandataire)<br \/>\nJornet Llop Pastor, architectes, urbanistes, paysagistes<br \/>\nMarina Cervera et Anna Zahonaro, paysagistes<br \/>\nCarlo Ratti Associati, design, innovation, prospective<br \/>\nLEONARD, plateforme de prospective et d&#8217;innovation<br \/>\nVinci INGEROP, mobilit\u00e9 et trafic<br \/>\nC31, assembleur de mobilit\u00e9s<br \/>\n<strong>Experts:<\/strong><br \/>\nJean Gr\u00e9bert, syst\u00e8mes de mobilit\u00e9 \/ Laurent Taupin, mobilit\u00e9 innovante \/ ECOV (Thomas Matagnel), solutions de mobilit\u00e9 partag\u00e9e \/ TRANSAMO (Guillaume de Tilli\u00e8rel), transports en commun \/ FUB (Olivier Schneider), promotion du v\u00e9lo au quotidien \/ Yves Crozet, \u00e9conomiste \/<br \/>\nMichel Savy, \u00e9conomiste<\/p>\n<p><strong>SHARED UTILITY NETWORKS<br \/>\nMa\u00eetrise d&#8217;\u0153uvre:<\/strong><br \/>\nRogers Stirk Harbour &#038; Partners, architectes urbanistes (mandataire)<br \/>\nAREP, urbaniste<br \/>\nMichel Desvigne, paysagiste<br \/>\nArtelia, ing\u00e9nieurs<br \/>\nEY, \u00e9conomistes<br \/>\n<strong>Experts:<\/strong><br \/>\nFran\u00e7ois Bellanger, prospectiviste \/ Cerema, centre de recherche \/ EIVP, enseignement et recherche<br \/>\n\/ Sonia Lavadinho, sociologue \/ Antoine Pican, architecte chercheur \/ Vincent Piveteau, directeur de l&#8217;ENSP \/ Pierre Veltz, chercheur en sciences humaines<\/p>\n<p>&#8230;&#8230;&#8230;&#8230;&#8230;&#8230;&#8230;&#8230;&#8230;&#8230;&#8230;&#8230;&#8230;&#8230;&#8230;&#8230;&#8230;&#8230;&#8230;&#8230;&#8230;&#8230;&#8230;&#8230;&#8230;&#8230;&#8230;&#8230;&#8230;&#8230;&#8230;&#8230;&#8230;&#8230;&#8230;&#8230;&#8230;&#8230;&#8230;&#8230;&#8230;&#8230;&#8230;&#8230;&#8230;&#8230;&#8230;&#8230;&#8230;&#8230;<br \/>\n<strong>INFORMATIONS PRATIQUES<\/strong><br \/>\n&#8230;&#8230;&#8230;&#8230;&#8230;&#8230;&#8230;&#8230;&#8230;&#8230;&#8230;&#8230;&#8230;&#8230;&#8230;&#8230;&#8230;&#8230;&#8230;&#8230;&#8230;&#8230;&#8230;&#8230;&#8230;&#8230;&#8230;&#8230;&#8230;&#8230;&#8230;&#8230;&#8230;&#8230;&#8230;&#8230;&#8230;&#8230;&#8230;&#8230;&#8230;&#8230;&#8230;&#8230;&#8230;&#8230;&#8230;&#8230;&#8230;&#8230;<\/p>\n<p>Exposition con\u00e7ue et pr\u00e9sent\u00e9e par le Pavillon de l&#8217;Arsenal<br \/>\nDu 7 juin au 1er septembre 2019<br \/>\nVisites guid\u00e9es les samedis et dimanches \u00e0 17h<br \/>\nEntr\u00e9e libre <\/p>\n<p>L\u2019itin\u00e9rance dans 10 lieux franciliens<br \/>\nPour associer pleinement les Franciliens et cr\u00e9er une culture commune, l\u2019exposition fait \u00e9tape dans une dizaine de territoires et participe \u00e0 la 1\u00e8re Biennale d\u2019architecture et de paysage de la r\u00e9gion \u00cele-de-France. Durant cette itin\u00e9rance, la consultation se poursuit avec des \u00e9v\u00e9nements et d\u00e9bats organis\u00e9s localement en pr\u00e9sence des \u00e9quipes. Tous les lieux et dates : routesdufutur-grandparis.fr <\/p>\n","protected":false},"excerpt":{"rendered":"<p>Inauguraci\u00f3 de l&#8217;exposici\u00f3: Dijous 6 de juny de 2019 a les 18:00h Al Pavillon de l&#8217;Arsenal, Par\u00eds, del 7 de [&hellip;]<\/p>\n","protected":false},"author":1,"featured_media":780,"comment_status":"open","ping_status":"open","sticky":false,"template":"","format":"standard","meta":[],"categories":[1],"tags":[],"_links":{"self":[{"href":"https:\/\/ciutatmosaicterritorial.upc.edu\/index.php?rest_route=\/wp\/v2\/posts\/770"}],"collection":[{"href":"https:\/\/ciutatmosaicterritorial.upc.edu\/index.php?rest_route=\/wp\/v2\/posts"}],"about":[{"href":"https:\/\/ciutatmosaicterritorial.upc.edu\/index.php?rest_route=\/wp\/v2\/types\/post"}],"author":[{"embeddable":true,"href":"https:\/\/ciutatmosaicterritorial.upc.edu\/index.php?rest_route=\/wp\/v2\/users\/1"}],"replies":[{"embeddable":true,"href":"https:\/\/ciutatmosaicterritorial.upc.edu\/index.php?rest_route=%2Fwp%2Fv2%2Fcomments&post=770"}],"version-history":[{"count":9,"href":"https:\/\/ciutatmosaicterritorial.upc.edu\/index.php?rest_route=\/wp\/v2\/posts\/770\/revisions"}],"predecessor-version":[{"id":785,"href":"https:\/\/ciutatmosaicterritorial.upc.edu\/index.php?rest_route=\/wp\/v2\/posts\/770\/revisions\/785"}],"wp:featuredmedia":[{"embeddable":true,"href":"https:\/\/ciutatmosaicterritorial.upc.edu\/index.php?rest_route=\/wp\/v2\/media\/780"}],"wp:attachment":[{"href":"https:\/\/ciutatmosaicterritorial.upc.edu\/index.php?rest_route=%2Fwp%2Fv2%2Fmedia&parent=770"}],"wp:term":[{"taxonomy":"category","embeddable":true,"href":"https:\/\/ciutatmosaicterritorial.upc.edu\/index.php?rest_route=%2Fwp%2Fv2%2Fcategories&post=770"},{"taxonomy":"post_tag","embeddable":true,"href":"https:\/\/ciutatmosaicterritorial.upc.edu\/index.php?rest_route=%2Fwp%2Fv2%2Ftags&post=770"}],"curies":[{"name":"wp","href":"https:\/\/api.w.org\/{rel}","templated":true}]}}