{"id":700,"date":"2017-04-23T07:47:48","date_gmt":"2017-04-23T07:47:48","guid":{"rendered":"https:\/\/ciutatmosaicterritorial.upc.edu\/?p=700"},"modified":"2017-04-26T06:12:41","modified_gmt":"2017-04-26T06:12:41","slug":"ja-est%c3%a0-diponible-el-llibre-de-passages","status":"publish","type":"post","link":"https:\/\/ciutatmosaicterritorial.upc.edu\/?p=700","title":{"rendered":"Ja est\u00e0 diponible el llibre de &#8216;Passages&#8217;"},"content":{"rendered":"<p>Estem encantats de presentar-te el nou t\u00edtol de Actar Publishers, <a href=\"http:\/\/actar.com\/passages\/\"> Passatges <\/a>realitzat per l&#8217;<strong>Institut pour la Ville en moviment \/ VEDECOM <\/strong>, dirigit per Mireille Apel-Muller.<br \/>\n<!--more--><br \/>\nCom a producte d&#8217;un programa d&#8217;uni\u00f3 entre una xarxa internacional de ciutats, universitats, i experts de diverses disciplines, aix\u00ed com un cat\u00e0leg de l&#8217;exposici\u00f3 itinerant, <strong> <em>Passages: Transitional Spaces for the 21st-Century City | Espaces de Transition pour la Ville du 21e Si\u00e8cle,<\/em> <\/strong> analitza m\u00e9s de 150 projectes de passatges constru\u00efts, descrivint els seus m\u00e8todes d&#8217;acci\u00f3.<\/p>\n<p>Enfocat a investigadors, dissenyadors, pol\u00edtics i t\u00e8cnics, empreses de transport i usuaris, grups de ciutadans i a qualsevol persona atreta pel dret a la ciutat i preocupada per la qualitat d&#8217;aquests petits espais de moviment. Inclou vuit articles escrits pels comissaris de l&#8217;exposici\u00f3, que marquen el cat\u00e0leg i mostren noves interpretacions de passatges en les seves dimensions hist\u00f2riques, socials, espacials, i sensorials, aix\u00ed com en relaci\u00f3 amb mobilitats emergents i aspiracions ciutadanes.<\/p>\n<p>Podeu encarregar el vostre exemplar a trav\u00e9s d&#8217;aquest <a href=\"https:\/\/www.amazon.com\/Passages-Transitional-21st-Century-Espaces-Transition\/dp\/1945150467\/ref=as_li_ss_tl?ie=UTF8&#038;qid=1492793292&#038;sr=8-1&#038;keywords=9781945150463&#038;linkCode=sl1&#038;tag=urbannext-20&#038;linkId=ce307f8f1d24ea05e9060345baf151cc\"> enlla\u00e7 <\/a>.<\/p>\n<p><a href=\"https:\/\/ciutatmosaicterritorial.upc.edu\/wp-content\/uploads\/Passage.jpg\"><img decoding=\"async\" loading=\"lazy\" src=\"https:\/\/ciutatmosaicterritorial.upc.edu\/wp-content\/uploads\/Passage-1024x380.jpg\" alt=\"Passage\" width=\"1024\" height=\"380\" class=\"alignnone size-large wp-image-701\" srcset=\"https:\/\/ciutatmosaicterritorial.upc.edu\/wp-content\/uploads\/Passage-1024x380.jpg 1024w, https:\/\/ciutatmosaicterritorial.upc.edu\/wp-content\/uploads\/Passage-300x111.jpg 300w, https:\/\/ciutatmosaicterritorial.upc.edu\/wp-content\/uploads\/Passage-250x92.jpg 250w, https:\/\/ciutatmosaicterritorial.upc.edu\/wp-content\/uploads\/Passage.jpg 1103w\" sizes=\"(max-width: 1024px) 100vw, 1024px\" \/><\/a><\/p>\n<p>Estamos encantados de presentarte el nuevo t\u00edtulo de Actar Publishers, <strong><a href=\"http:\/\/actar.com\/passages\/\" >Passages<\/a><\/strong> realizado por <strong>Institut pour la Ville en Mouvement \/ VEDECOM,<\/strong> dirigido por Mireille Apel-Muller.<\/p>\n<p>Como producto de un programa de uni\u00f3n entre una red internacional de ciudades, universidades, y expertos de diversas disciplinas, as\u00ed como un cat\u00e1logo de la exposici\u00f3n itinerante, <strong><em>Passages: Transitional Spaces for the 21st-Century City | Espaces de Transition pour la Ville du 21e Si\u00e8cle,<\/em><\/strong> analiza m\u00e1s de 150 proyectos de pasajes construidos, describiendo sus m\u00e9todos de acci\u00f3n. <\/p>\n<p>Enfocado a investigadores, dise\u00f1adores, pol\u00edticos y t\u00e9cnicos, empresas de transporte y usuarios, grupos de ciudadanos y a cualquier persona atra\u00edda por el derecho a la ciudad y preocupada por la calidad de esos peque\u00f1os espacios de movimiento. Incluye ocho art\u00edculos escritos por los comisarios de la exposici\u00f3n, que marcan el cat\u00e1logo y muestran nuevas interpretaciones de pasajes en sus dimensiones hist\u00f3ricas, espaciales, sociales, y sensoriales, as\u00ed como en relaci\u00f3n con movilidades emergentes y aspiraciones ciudadanas.<\/p>\n<p>Puede encargar su ejemplar a trav\u00e9s de este <a href=\"https:\/\/www.amazon.com\/Passages-Transitional-21st-Century-Espaces-Transition\/dp\/1945150467\/ref=as_li_ss_tl?ie=UTF8&#038;qid=1492793292&#038;sr=8-1&#038;keywords=9781945150463&#038;linkCode=sl1&#038;tag=urbannext-20&#038;linkId=ce307f8f1d24ea05e9060345baf151cc\"> enlace <\/a>.<\/p>\n","protected":false},"excerpt":{"rendered":"<p>Estem encantats de presentar-te el nou t\u00edtol de Actar Publishers, Passatges realitzat per l&#8217;Institut pour la Ville en moviment \/ [&hellip;]<\/p>\n","protected":false},"author":1,"featured_media":701,"comment_status":"open","ping_status":"open","sticky":false,"template":"","format":"standard","meta":[],"categories":[1],"tags":[],"_links":{"self":[{"href":"https:\/\/ciutatmosaicterritorial.upc.edu\/index.php?rest_route=\/wp\/v2\/posts\/700"}],"collection":[{"href":"https:\/\/ciutatmosaicterritorial.upc.edu\/index.php?rest_route=\/wp\/v2\/posts"}],"about":[{"href":"https:\/\/ciutatmosaicterritorial.upc.edu\/index.php?rest_route=\/wp\/v2\/types\/post"}],"author":[{"embeddable":true,"href":"https:\/\/ciutatmosaicterritorial.upc.edu\/index.php?rest_route=\/wp\/v2\/users\/1"}],"replies":[{"embeddable":true,"href":"https:\/\/ciutatmosaicterritorial.upc.edu\/index.php?rest_route=%2Fwp%2Fv2%2Fcomments&post=700"}],"version-history":[{"count":14,"href":"https:\/\/ciutatmosaicterritorial.upc.edu\/index.php?rest_route=\/wp\/v2\/posts\/700\/revisions"}],"predecessor-version":[{"id":717,"href":"https:\/\/ciutatmosaicterritorial.upc.edu\/index.php?rest_route=\/wp\/v2\/posts\/700\/revisions\/717"}],"wp:featuredmedia":[{"embeddable":true,"href":"https:\/\/ciutatmosaicterritorial.upc.edu\/index.php?rest_route=\/wp\/v2\/media\/701"}],"wp:attachment":[{"href":"https:\/\/ciutatmosaicterritorial.upc.edu\/index.php?rest_route=%2Fwp%2Fv2%2Fmedia&parent=700"}],"wp:term":[{"taxonomy":"category","embeddable":true,"href":"https:\/\/ciutatmosaicterritorial.upc.edu\/index.php?rest_route=%2Fwp%2Fv2%2Fcategories&post=700"},{"taxonomy":"post_tag","embeddable":true,"href":"https:\/\/ciutatmosaicterritorial.upc.edu\/index.php?rest_route=%2Fwp%2Fv2%2Ftags&post=700"}],"curies":[{"name":"wp","href":"https:\/\/api.w.org\/{rel}","templated":true}]}}