{"id":681,"date":"2017-03-27T18:30:31","date_gmt":"2017-03-27T18:30:31","guid":{"rendered":"https:\/\/ciutatmosaicterritorial.upc.edu\/?p=681"},"modified":"2017-04-23T07:52:45","modified_gmt":"2017-04-23T07:52:45","slug":"els-barris-de-barcelona-tenim-un-pla","status":"publish","type":"post","link":"https:\/\/ciutatmosaicterritorial.upc.edu\/?p=681","title":{"rendered":"Els barris de Barcelona tenim un pla"},"content":{"rendered":"<p><strong><a href=\"http:\/\/pladebarris.barcelona\/\" >El pla de barris de Barcelona<\/a><\/strong> ha anat creant un consell assessor que llen\u00e7a un seguit d&#8217;idees que poden ajudar a donar nous punts de vista per regenerar la ciutat.<br \/>\n<!--more--><\/p>\n<p>Dins d&#8217;aquest consell assessor, Carles Llop, hi exposa la visi\u00f3 de les trames urbanes:<br \/>\n&#8211; Quins trets caracteritzen les trames urbanes de Barcelona?<br \/>\n&#8211; Quina orientaci\u00f3 ha de tenir la revitalitzaci\u00f3 de les trames urbanes?<\/p>\n<p>Per trobar la resposta a aquestes preguntes us convidem a veure aquest v\u00eddeo:<br \/>\n<strong><a href=\"https:\/\/www.youtube.com\/watch?v=ekFs5Jeg5Mc&#038;sns=em\" >Trames Urbanes<\/a>. <\/strong> <\/p>\n<p style=\"text-align: center;\"><a href=\"https:\/\/ciutatmosaicterritorial.upc.edu\/wp-content\/uploads\/Barris_01.jpg\"><img decoding=\"async\" loading=\"lazy\" src=\"https:\/\/ciutatmosaicterritorial.upc.edu\/wp-content\/uploads\/Barris_01.jpg\" alt=\"Barris_01\" width=\"400\" height=\"400\" class=\"alignnone size-full wp-image-685\" \/><\/a><\/p>\n<p><strong><a href=\"http:\/\/pladebarris.barcelona\/\" >El pla de barris de Barcelona<\/a><\/strong> ha ido creando un consejo asesor que tira una serie de ideas que pueden ayudar a dar nuevos puntos de vista para regenerar la ciudad.<br \/>\n<!--more--><\/p>\n<p>Dentro de este consejo asesor, Carlos Lobo, expone la visi\u00f3n de las tramas urbanas:<br \/>\n&#8211; \u00bfQu\u00e9 rasgos caracterizan las tramas urbanas de Barcelona?<br \/>\n&#8211; \u00bfQu\u00e9 orientaci\u00f3n debe tener la revitalizaci\u00f3n de las tramas urbanas?<\/p>\n<p>Para encontrar la respuesta a estas preguntas os invitamos a ver este v\u00eddeo:<br \/>\n<strong><a href=\"https:\/\/www.youtube.com\/watch?v=ekFs5Jeg5Mc&#038;sns=em\" >Trames Urbanes<\/a>. <\/strong> <\/p>\n","protected":false},"excerpt":{"rendered":"<p>El pla de barris de Barcelona ha anat creant un consell assessor que llen\u00e7a un seguit d&#8217;idees que poden ajudar [&hellip;]<\/p>\n","protected":false},"author":1,"featured_media":685,"comment_status":"open","ping_status":"open","sticky":false,"template":"","format":"standard","meta":[],"categories":[1],"tags":[],"_links":{"self":[{"href":"https:\/\/ciutatmosaicterritorial.upc.edu\/index.php?rest_route=\/wp\/v2\/posts\/681"}],"collection":[{"href":"https:\/\/ciutatmosaicterritorial.upc.edu\/index.php?rest_route=\/wp\/v2\/posts"}],"about":[{"href":"https:\/\/ciutatmosaicterritorial.upc.edu\/index.php?rest_route=\/wp\/v2\/types\/post"}],"author":[{"embeddable":true,"href":"https:\/\/ciutatmosaicterritorial.upc.edu\/index.php?rest_route=\/wp\/v2\/users\/1"}],"replies":[{"embeddable":true,"href":"https:\/\/ciutatmosaicterritorial.upc.edu\/index.php?rest_route=%2Fwp%2Fv2%2Fcomments&post=681"}],"version-history":[{"count":12,"href":"https:\/\/ciutatmosaicterritorial.upc.edu\/index.php?rest_route=\/wp\/v2\/posts\/681\/revisions"}],"predecessor-version":[{"id":708,"href":"https:\/\/ciutatmosaicterritorial.upc.edu\/index.php?rest_route=\/wp\/v2\/posts\/681\/revisions\/708"}],"wp:featuredmedia":[{"embeddable":true,"href":"https:\/\/ciutatmosaicterritorial.upc.edu\/index.php?rest_route=\/wp\/v2\/media\/685"}],"wp:attachment":[{"href":"https:\/\/ciutatmosaicterritorial.upc.edu\/index.php?rest_route=%2Fwp%2Fv2%2Fmedia&parent=681"}],"wp:term":[{"taxonomy":"category","embeddable":true,"href":"https:\/\/ciutatmosaicterritorial.upc.edu\/index.php?rest_route=%2Fwp%2Fv2%2Fcategories&post=681"},{"taxonomy":"post_tag","embeddable":true,"href":"https:\/\/ciutatmosaicterritorial.upc.edu\/index.php?rest_route=%2Fwp%2Fv2%2Ftags&post=681"}],"curies":[{"name":"wp","href":"https:\/\/api.w.org\/{rel}","templated":true}]}}