{"id":644,"date":"2017-02-07T07:35:11","date_gmt":"2017-02-07T07:35:11","guid":{"rendered":"https:\/\/ciutatmosaicterritorial.upc.edu\/?p=644"},"modified":"2017-02-07T08:01:13","modified_gmt":"2017-02-07T08:01:13","slug":"recuperant-la-ciutat","status":"publish","type":"post","link":"https:\/\/ciutatmosaicterritorial.upc.edu\/?p=644","title":{"rendered":"Recuperant la ciutat"},"content":{"rendered":"<p>Com a resultat del projecte I+D+i, finan\u00e7at pel Pla Nacional I+D+i en el per\u00edode compr\u00e8s entre el 2013-2015, titulat <strong><a href=\"http:\/\/www2.aq.upm.es\/Departamentos\/Urbanismo\/blogs\/re-hab\/proyectos-investigacion\/plan-nacional-idi-2013-15\/\" >RECUPERANDO LA CIUDAD. Estrategia para el dise\u00f1o y la evaluaci\u00f3n de planes programas de regeneraci\u00f3n urbana integrada.<!--more--> La investigaci\u00f3n en las periferias espa\u00f1olas a trav\u00e9s de la \u00e1reas de rehabilitaci\u00f3n integral y el programa URBAN<\/a>. <\/strong> <\/p>\n<p>L\u2019objectiu del projecte d\u2019investigaci\u00f3 va ser desenvolupar un \u2018instrument d\u2019avaluaci\u00f3\u2019 dels plans i els programa de Rehabilitaci\u00f3 Urbana Integrada i es materialitza amb un arbre de conceptes que haurien de ser analitzats tant abans com despr\u00e9s del pla o porjecte. La seva intenci\u00f3 \u00e9s facilitar la comunicaci\u00f3 entre els diferents agents de la rehabilitaci\u00f3: ve\u00efns, t\u00e8cnics i administraci\u00f3.<\/p>\n<p><a href=\"http:\/\/www2.aq.upm.es\/Departamentos\/Urbanismo\/blogs\/re-hab\/publicacion-recuperando-la-ciudad-estrategia-para-el-diseno-y-la-evaluacion-de-planes-programas-de-regeneracion-urbana-integrada\/\">Enlla\u00e7<\/a> a la p\u00e0gina oficial de la publicaci\u00f3.<br \/>\n<a href=\"http:\/\/oa.upm.es\/43837\/\">Enlla\u00e7<\/a> la biblioteca de la UPM<br \/>\nPublicaci\u00f3 en digital: http:\/\/oa.upm.es\/43837\/<\/p>\n<p>Els autors dels llibre s\u00f3n: Hern\u00e1ndez Aja, Agust\u00edn; Garc\u00eda Madruga, Carolina; Matesanz Parellada, \u00c1ngela; Rodr\u00edguez Su\u00e1rez, Iv\u00e1n; Alguacil G\u00f3mez, Julio; Camacho Gutierrez, Javier; Castrillo Rom\u00f3n, Mar\u00eda \u00c1ngeles; Aparicio Moruelo, Angel; Fari\u00f1a Tojo, Jos\u00e9; Gonz\u00e1lez Garc\u00eda, Isabel; Ruiz Palomeque, Luis Gerardo; G\u00e1lvez Huerta, Miguel \u00c1ngel; Rom\u00e1n L\u00f3pez, Emilia; S\u00e1nchez Fuentes, Domingo; Vega Pindado, Pilar; Tamayo Palacios, Alejandro; Fernandez \u00c1\u00f1ez, Victoria y Lorite Rodr\u00edguez, Irene.<\/p>\n<p style=\"text-align: center;\"><a href=\"https:\/\/ciutatmosaicterritorial.upc.edu\/wp-content\/uploads\/P\u00e1ginas-desdeReHab_Color.jpg\"><img decoding=\"async\" loading=\"lazy\" src=\"https:\/\/ciutatmosaicterritorial.upc.edu\/wp-content\/uploads\/P\u00e1ginas-desdeReHab_Color-721x1024.jpg\" alt=\"P\u00e1ginas-desdeReHab_Color\" width=\"300\" height=\"1024\" class=\"alignnone size-large wp-image-642\" \/><\/a><\/p>\n<p>___________________________________________________________________________________________________<\/p>\n<p>Como resultado del proyecto I+D+i, financiado por el Plan Nacional I+D+i para el periodo 2013-2015, titulado <strong><a href=\"http:\/\/www2.aq.upm.es\/Departamentos\/Urbanismo\/blogs\/re-hab\/proyectos-investigacion\/plan-nacional-idi-2013-15\/\" > Estrategia para el dise\u00f1o y evaluaci\u00f3n de planes y programas de regeneraci\u00f3n urbana integrada. La intervenci\u00f3n en las periferias espa\u00f1olas a trav\u00e9s de las \u00e1reas de rehabilitaci\u00f3n integral y el programa URBAN <\/a><\/strong> <\/p>\n<p>El objetivo del proyecto de investigaci\u00f3n fue desarrollar una \u201cherramienta de evaluaci\u00f3n\u201d de los planes y programas de Rehabilitaci\u00f3n Urbana Integrada y se materializa en un \u00e1rbol de conceptos que deber\u00edan ser analizados tanto antes como despu\u00e9s del plan o proyecto. Su intenci\u00f3n es facilitar la comunicaci\u00f3n entre los distintos actores de la rehabilitaci\u00f3n: vecinos, t\u00e9cnicos y administraci\u00f3n.<\/p>\n<p><a href=\"http:\/\/www2.aq.upm.es\/Departamentos\/Urbanismo\/blogs\/re-hab\/publicacion-recuperando-la-ciudad-estrategia-para-el-diseno-y-la-evaluacion-de-planes-programas-de-regeneracion-urbana-integrada\/\">Enlace<\/a> a la p\u00e1gina oficial de la publicaci\u00f3n.<br \/>\n<a href=\"http:\/\/oa.upm.es\/43837\/\">Enlace<\/a> la biblioteca de la UPM<br \/>\nPublicaci\u00f3n en digital: http:\/\/oa.upm.es\/43837\/<\/p>\n<p>Del que son autores: Hern\u00e1ndez Aja, Agust\u00edn; Garc\u00eda Madruga, Carolina; Matesanz Parellada, \u00c1ngela; Rodr\u00edguez Su\u00e1rez, Iv\u00e1n; Alguacil G\u00f3mez, Julio; Camacho Gutierrez, Javier; Castrillo Rom\u00f3n, Mar\u00eda \u00c1ngeles; Aparicio Moruelo, Angel; Fari\u00f1a Tojo, Jos\u00e9; Gonz\u00e1lez Garc\u00eda, Isabel; Ruiz Palomeque, Luis Gerardo; G\u00e1lvez Huerta, Miguel \u00c1ngel; Rom\u00e1n L\u00f3pez, Emilia; S\u00e1nchez Fuentes, Domingo; Vega Pindado, Pilar; Tamayo Palacios, Alejandro; Fernandez \u00c1\u00f1ez, Victoria y Lorite Rodr\u00edguez, Irene.<\/p>\n","protected":false},"excerpt":{"rendered":"<p>Com a resultat del projecte I+D+i, finan\u00e7at pel Pla Nacional I+D+i en el per\u00edode compr\u00e8s entre el 2013-2015, titulat RECUPERANDO [&hellip;]<\/p>\n","protected":false},"author":1,"featured_media":642,"comment_status":"open","ping_status":"open","sticky":false,"template":"","format":"standard","meta":[],"categories":[1],"tags":[],"_links":{"self":[{"href":"https:\/\/ciutatmosaicterritorial.upc.edu\/index.php?rest_route=\/wp\/v2\/posts\/644"}],"collection":[{"href":"https:\/\/ciutatmosaicterritorial.upc.edu\/index.php?rest_route=\/wp\/v2\/posts"}],"about":[{"href":"https:\/\/ciutatmosaicterritorial.upc.edu\/index.php?rest_route=\/wp\/v2\/types\/post"}],"author":[{"embeddable":true,"href":"https:\/\/ciutatmosaicterritorial.upc.edu\/index.php?rest_route=\/wp\/v2\/users\/1"}],"replies":[{"embeddable":true,"href":"https:\/\/ciutatmosaicterritorial.upc.edu\/index.php?rest_route=%2Fwp%2Fv2%2Fcomments&post=644"}],"version-history":[{"count":16,"href":"https:\/\/ciutatmosaicterritorial.upc.edu\/index.php?rest_route=\/wp\/v2\/posts\/644\/revisions"}],"predecessor-version":[{"id":661,"href":"https:\/\/ciutatmosaicterritorial.upc.edu\/index.php?rest_route=\/wp\/v2\/posts\/644\/revisions\/661"}],"wp:featuredmedia":[{"embeddable":true,"href":"https:\/\/ciutatmosaicterritorial.upc.edu\/index.php?rest_route=\/wp\/v2\/media\/642"}],"wp:attachment":[{"href":"https:\/\/ciutatmosaicterritorial.upc.edu\/index.php?rest_route=%2Fwp%2Fv2%2Fmedia&parent=644"}],"wp:term":[{"taxonomy":"category","embeddable":true,"href":"https:\/\/ciutatmosaicterritorial.upc.edu\/index.php?rest_route=%2Fwp%2Fv2%2Fcategories&post=644"},{"taxonomy":"post_tag","embeddable":true,"href":"https:\/\/ciutatmosaicterritorial.upc.edu\/index.php?rest_route=%2Fwp%2Fv2%2Ftags&post=644"}],"curies":[{"name":"wp","href":"https:\/\/api.w.org\/{rel}","templated":true}]}}