{"id":627,"date":"2016-11-21T11:35:28","date_gmt":"2016-11-21T11:35:28","guid":{"rendered":"https:\/\/ciutatmosaicterritorial.upc.edu\/?p=627"},"modified":"2019-10-09T14:42:12","modified_gmt":"2019-10-09T14:42:12","slug":"vivienda-colectiva-espacio-p%c3%bablico-y-ciudad","status":"publish","type":"post","link":"https:\/\/ciutatmosaicterritorial.upc.edu\/?p=627","title":{"rendered":"Vivienda Colectiva, Espacio P\u00fablico y Ciudad"},"content":{"rendered":"<p>S&#8217;informa que el PDF del llibre \u00bb VIVIENDA COLECTIVA, ESPACIO P\u00daBLICO y CIUDAD. Evoluci\u00f3n y crisis de los tejidos residenciales, 1860-2010&#8243;, del qual \u00e9s autor Ramon L. de LUCIO, publicat el 2013, es troba disponible a la Biblioteca Virtual <!--more--> de l&#8217;Escola d&#8217;Arquitectura de Madrid (ETSAM) de la Universitat Polit\u00e8cnica de Madrid (UPM). <\/p>\n<p>Es pot accedir directament al llibre des GOOGLE, \u00abVIVIENDA COLECTIVA, ESPACIO P\u00daBLICO y CIUDAD\u00bb. Tamb\u00e9 apareix en <a href=\"http:\/\/oa.upm.es\/40092\/\">aquest enlla\u00e7<\/a>.<br \/>\nApareix en el format de la maquetaci\u00f3 original dissenyada per l&#8217;arquitecta Alicia Castella M\u00e1rquez (DIN A.4) amb la major part de les il\u00b7lustracions a color.<\/p>\n<p>\u00c9s una s\u00edntesi interessant de la hist\u00f2ria espanyola i europea de la planificaci\u00f3 i el disseny dels districtes, barris i pol\u00edgons d&#8217;habitatge col\u00b7lectiu des dels Eixamples de Madrid i Barcelona de 1860 fins als recents programes d&#8217;actuaci\u00f3 urban\u00edstica (PAUs) de Madrid i actuacions de la rellev\u00e0ncia de Haveneiland \/ Ijburg a Amsterdam. Passant per les actuacions centroeropeas de els anys 20 &#8216;i 30&#8217;, (AmsterdamSur i Viena), <strong>les experi\u00e8ncies pioneres de l&#8217;arquitectura i l&#8217;urbanisme del Moviment Modern<\/strong>, els pol\u00edgons espanyols de promoci\u00f3 p\u00fablica i privada de mitjan s XX, les <strong>\u00abGated Communities\u00bb<\/strong> als EUA, Buenos Aires i Madrid, els\u00bb nous eixamples \u00abespanyols de finals dels 80&#8217;y 90 &#8216;del segle XX a Sevilla, Santiago de Compostela, Martorell (Barcelona) i Madrid, etc.<\/p>\n<p>Una revisi\u00f3 de la hist\u00f2ria urbana de segle i mig europeu des del punt de vista del seu component primordial, l&#8217;habitatge, <strong>considerada no sols com a projecte d&#8217;arquitectura a\u00efllat sin\u00f3 com a generadora de la trama urbana majorit\u00e0ria de les ciutats.<\/strong><\/p>\n<p><a href=\"https:\/\/ciutatmosaicterritorial.upc.edu\/wp-content\/uploads\/Portada_Ramon.png\"><img decoding=\"async\" loading=\"lazy\" src=\"https:\/\/ciutatmosaicterritorial.upc.edu\/wp-content\/uploads\/Portada_Ramon-1024x721.png\" alt=\"Portada_Ramon\" width=\"1024\" height=\"721\" class=\"alignnone size-large wp-image-633\" \/><\/a><br \/>\n____________________________________________________________________________________________________<\/p>\n<p>Se informa que el PDF del libro \u00abVIVIENDA COLECTIVA, ESPACIO P\u00daBLICO y CIUDAD. Evoluci\u00f3n y crisis de los tejidos residenciales, 1860-2010\u00bb, del que es autor Ram\u00f3n L. de LUCIO, publicado en 2013, se encuentra disponible en la Biblioteca Virtual de la Escuela de Arquitectura de Madrid (ETSAM) de la Universidad Polit\u00e9cnica de Madrid (UPM).<\/p>\n<p>Se puede acceder directamente al libro desde GOOGLE, \u00abVIVIENDA COLECTIVA, ESPACIO P\u00daBLICO y CIUDAD\u00bb. Tambi\u00e9n aparece en <a href=\"http:\/\/oa.upm.es\/40092\/\">este enlace<\/a>.<br \/>\nAparece en el formato de la maquetaci\u00f3n original dise\u00f1ada por la arquitecta Alicia Castilla M\u00e1rquez (DIN A.4) con la mayor parte de las ilustraciones a color.<\/p>\n<p>Es una interesante s\u00edntesis de la historia espa\u00f1ola y europea de la planificaci\u00f3n y el dise\u00f1o de los distritos, barrios y pol\u00edgonos de vivienda colectiva  desde los Ensanches de Madrid y Barcelona de 1860 hasta los recientes Programas de Actuaci\u00f3n Urban\u00edstica (PAUs) de Madrid y actuaciones de la relevancia de Haveneiland\/ Ijburg en Amsterdam. Pasando por las actuaciones centroeropeas de los a\u00f1os 20\u2019 y 30&#8242; ,(AmsterdamSur y Viena) ,<strong> las experiencias pioneras de la arquitectura y el urbanismo del Movimiento Moderno,<\/strong> los pol\u00edgonos espa\u00f1oles de promoci\u00f3n p\u00fablica y privada de mediados del s XX, las<strong> \u201cGated Communities\u201d <\/strong>en EEUU, Buenos Aires y Madrid,  los \u00abnuevos ensanches\u00bb espa\u00f1oles de finales de los 80&#8217;y 90&#8242; del s XX en Sevilla, Santiago de Compostela, Martorell (Barcelona) y Madrid, etc.<\/p>\n<p>Una revisi\u00f3n de la historia urbana de siglo y medio europeo desde el punto de vista de su componente primordial, la vivienda, <strong>considerada no solo como proyecto de arquitectura aislado sino como generadora de la trama urbana mayoritaria de las ciudades.<\/strong><\/p>\n","protected":false},"excerpt":{"rendered":"<p>S&#8217;informa que el PDF del llibre \u00bb VIVIENDA COLECTIVA, ESPACIO P\u00daBLICO y CIUDAD. Evoluci\u00f3n y crisis de los tejidos residenciales, [&hellip;]<\/p>\n","protected":false},"author":1,"featured_media":792,"comment_status":"open","ping_status":"open","sticky":false,"template":"","format":"standard","meta":[],"categories":[1],"tags":[],"_links":{"self":[{"href":"https:\/\/ciutatmosaicterritorial.upc.edu\/index.php?rest_route=\/wp\/v2\/posts\/627"}],"collection":[{"href":"https:\/\/ciutatmosaicterritorial.upc.edu\/index.php?rest_route=\/wp\/v2\/posts"}],"about":[{"href":"https:\/\/ciutatmosaicterritorial.upc.edu\/index.php?rest_route=\/wp\/v2\/types\/post"}],"author":[{"embeddable":true,"href":"https:\/\/ciutatmosaicterritorial.upc.edu\/index.php?rest_route=\/wp\/v2\/users\/1"}],"replies":[{"embeddable":true,"href":"https:\/\/ciutatmosaicterritorial.upc.edu\/index.php?rest_route=%2Fwp%2Fv2%2Fcomments&post=627"}],"version-history":[{"count":14,"href":"https:\/\/ciutatmosaicterritorial.upc.edu\/index.php?rest_route=\/wp\/v2\/posts\/627\/revisions"}],"predecessor-version":[{"id":662,"href":"https:\/\/ciutatmosaicterritorial.upc.edu\/index.php?rest_route=\/wp\/v2\/posts\/627\/revisions\/662"}],"wp:featuredmedia":[{"embeddable":true,"href":"https:\/\/ciutatmosaicterritorial.upc.edu\/index.php?rest_route=\/wp\/v2\/media\/792"}],"wp:attachment":[{"href":"https:\/\/ciutatmosaicterritorial.upc.edu\/index.php?rest_route=%2Fwp%2Fv2%2Fmedia&parent=627"}],"wp:term":[{"taxonomy":"category","embeddable":true,"href":"https:\/\/ciutatmosaicterritorial.upc.edu\/index.php?rest_route=%2Fwp%2Fv2%2Fcategories&post=627"},{"taxonomy":"post_tag","embeddable":true,"href":"https:\/\/ciutatmosaicterritorial.upc.edu\/index.php?rest_route=%2Fwp%2Fv2%2Ftags&post=627"}],"curies":[{"name":"wp","href":"https:\/\/api.w.org\/{rel}","templated":true}]}}