{"id":614,"date":"2016-11-15T09:18:46","date_gmt":"2016-11-15T09:18:46","guid":{"rendered":"https:\/\/ciutatmosaicterritorial.upc.edu\/?p=614"},"modified":"2016-11-15T09:36:00","modified_gmt":"2016-11-15T09:36:00","slug":"smart-city-expo-world-congress","status":"publish","type":"post","link":"https:\/\/ciutatmosaicterritorial.upc.edu\/?p=614","title":{"rendered":"Smart City Expo World Congress"},"content":{"rendered":"<p>Aquesta semana, del 15 al 17 de Novembre, Barcelona acull l\u2019Smart City Expo Wold Congress a la Fira de Barcelona.<\/p>\n<p><!--more--><\/p>\n<p style=\"text-align: center;\"><a href=\"https:\/\/ciutatmosaicterritorial.upc.edu\/wp-content\/uploads\/Cities-For-Ctizens.jpg\"><img decoding=\"async\" loading=\"lazy\" class=\"alignnone size-medium wp-image-564\" alt=\"passages\" src=\"https:\/\/ciutatmosaicterritorial.upc.edu\/wp-content\/uploads\/Cities-For-Ctizens.jpg\" width=\"662\" height=\"372\" \/><\/a><\/p>\n<p><strong>Smart City Expo World Congress (SCEWC)<\/strong> \u00e9s la cimera internacional de la discussi\u00f3 sobre <strong>la relaci\u00f3 entre la realitat urbana i la revoluci\u00f3 tecnol\u00f2gica<\/strong>. Des de la seva primera edici\u00f3 el 2011, ha aconseguit convertir-se en un esdeveniment global de refer\u00e8ncia per donar suport al <strong>desenvolupament de les nostres ciutats<\/strong>. Aquest punt de trobada professional, institucional i social \u00e9s una plataforma l\u00edder d&#8217;idees, treball en xarxa, experi\u00e8ncies i acords comercials internacionals que reuneix el m\u00e9s alt nivell de les parts interessades, en el context del <strong>desenvolupament urb\u00e0<\/strong>.<\/p>\n<p>Per a m\u00e9s infomraci\u00f3: <a href=\"http:\/\/www.smartcityexpo.com\/en\/\">http:\/\/www.smartcityexpo.com\/<\/a><\/p>\n<p>____________________________________________________________________________________________________<\/p>\n<p>Esta semana, del 15 al 17 de Noviembre, Barcelona acoge el Smart City Expo Wold Congress en la Feria de Barcelona.<\/p>\n<p><strong>Smart City Expo World Congress (SCEWC) <\/strong>es la cumbre internacional de discusi\u00f3n sobre el v\u00ednculo entre <strong>la realidad urbana y la revoluci\u00f3n tecnol\u00f3gica<\/strong>. Desde su primera edici\u00f3n en 2011, ha logrado convertirse en un evento global referencial para apoyar el <strong>desarrollo de las nuestras ciudades<\/strong>. Este punto de encuentro profesional, institucional y social es una plataforma l\u00edder de ideas, trabajo en red, experiencias y negocios internacionales que re\u00fane a los m\u00e1s altos niveles de las partes interesadas, en el contexto del <strong>desarrollo urbano<\/strong>.<\/p>\n<p>Para m\u00e1s informaci\u00f3n: <a href=\"http:\/\/www.smartcityexpo.com\/en\/\">http:\/\/www.smartcityexpo.com\/<\/a><\/p>\n<p>____________________________________________________________________________________________________<\/p>\n<p>This week, 15 to 17 November, Barcelona hosts the Smart City Expo Wold Congress in Fira de Barcelona.<\/p>\n<p><strong>Smart City Expo World Congress (SCEWC)<\/strong> is the international summit of discussion about the link between <strong>urban reality and technological revolution<\/strong>. Since its first edition in 2011, it has succeeded to become a referential global event to support the <strong>development of our cities<\/strong>. This professional, institutional and social meeting point is a leading platform of ideas, networking, experiences and international business deals that gathers together the highest level of stakeholders, in the context of <strong>urban development<\/strong>.<\/p>\n<p>For more information: <a href=\"http:\/\/www.smartcityexpo.com\/en\/\">http:\/\/www.smartcityexpo.com\/<\/a><\/p>\n","protected":false},"excerpt":{"rendered":"<p>Aquesta semana, del 15 al 17 de Novembre, Barcelona acull l\u2019Smart City Expo Wold Congress a la Fira de Barcelona.<\/p>\n","protected":false},"author":1,"featured_media":618,"comment_status":"open","ping_status":"open","sticky":false,"template":"","format":"standard","meta":[],"categories":[1],"tags":[],"_links":{"self":[{"href":"https:\/\/ciutatmosaicterritorial.upc.edu\/index.php?rest_route=\/wp\/v2\/posts\/614"}],"collection":[{"href":"https:\/\/ciutatmosaicterritorial.upc.edu\/index.php?rest_route=\/wp\/v2\/posts"}],"about":[{"href":"https:\/\/ciutatmosaicterritorial.upc.edu\/index.php?rest_route=\/wp\/v2\/types\/post"}],"author":[{"embeddable":true,"href":"https:\/\/ciutatmosaicterritorial.upc.edu\/index.php?rest_route=\/wp\/v2\/users\/1"}],"replies":[{"embeddable":true,"href":"https:\/\/ciutatmosaicterritorial.upc.edu\/index.php?rest_route=%2Fwp%2Fv2%2Fcomments&post=614"}],"version-history":[{"count":9,"href":"https:\/\/ciutatmosaicterritorial.upc.edu\/index.php?rest_route=\/wp\/v2\/posts\/614\/revisions"}],"predecessor-version":[{"id":626,"href":"https:\/\/ciutatmosaicterritorial.upc.edu\/index.php?rest_route=\/wp\/v2\/posts\/614\/revisions\/626"}],"wp:featuredmedia":[{"embeddable":true,"href":"https:\/\/ciutatmosaicterritorial.upc.edu\/index.php?rest_route=\/wp\/v2\/media\/618"}],"wp:attachment":[{"href":"https:\/\/ciutatmosaicterritorial.upc.edu\/index.php?rest_route=%2Fwp%2Fv2%2Fmedia&parent=614"}],"wp:term":[{"taxonomy":"category","embeddable":true,"href":"https:\/\/ciutatmosaicterritorial.upc.edu\/index.php?rest_route=%2Fwp%2Fv2%2Fcategories&post=614"},{"taxonomy":"post_tag","embeddable":true,"href":"https:\/\/ciutatmosaicterritorial.upc.edu\/index.php?rest_route=%2Fwp%2Fv2%2Ftags&post=614"}],"curies":[{"name":"wp","href":"https:\/\/api.w.org\/{rel}","templated":true}]}}