{"id":601,"date":"2016-10-20T10:49:57","date_gmt":"2016-10-20T10:49:57","guid":{"rendered":"https:\/\/ciutatmosaicterritorial.upc.edu\/?p=601"},"modified":"2016-10-20T11:03:14","modified_gmt":"2016-10-20T11:03:14","slug":"territorios-simult%c3%a1neos","status":"publish","type":"post","link":"https:\/\/ciutatmosaicterritorial.upc.edu\/?p=601","title":{"rendered":"Territorios Simult\u00e1neos"},"content":{"rendered":"<p>El proper divendres 28 d&#8217;octubre, Arturo Calder\u00f3n Esteban, membre de l&#8217;equip Ciutat Mosaic Territorial del Departament d&#8217;Urbanisme i Ordenaci\u00f3 del Territori &#8211; DUOT UPC far\u00e0 la lectura de la seva tesi doctoral<br \/>\n<!--more-->:<br \/>\n<strong>TERRITORIOS SIMULT\u00c1NEOS<br \/>\nFORMAS DE TERRITORIALIZACI\u00d3N DE LA SABANA DE BOGOT\u00c1<\/strong><br \/>\n11.30h Sala de Graus, ETSAB, Barcelona<br \/>\nHi esteu convidats!<\/p>\n<p>\/\/\/<\/p>\n<p>El pr\u00f3ximo viernes 28 de octubre, Arturo Calder\u00f3n Esteban, miembro del equipo Ciutat Mosaic Territorial del Departament d&#8217;Urbanisme i Ordenaci\u00f3 del Territori &#8211; DUOT UPC har\u00e1 la lectura de la su tesis doctoral:<br \/>\n<strong>TERRITORIOS SIMULT\u00c1NEOS<br \/>\nFORMAS DE TERRITORIALIZACI\u00d3N DE LA SABANA DE BOGOT\u00c1<\/strong><br \/>\n11.30h Sala de Graus, ETSAB, Barcelona<br \/>\n\u00a1Est\u00e1is todos invitados!<\/p>\n<p><a href=\"https:\/\/ciutatmosaicterritorial.upc.edu\/wp-content\/uploads\/Territorios-Simult\u00e1neos.jpg\"><img decoding=\"async\" loading=\"lazy\" src=\"https:\/\/ciutatmosaicterritorial.upc.edu\/wp-content\/uploads\/Territorios-Simult\u00e1neos-1024x512.jpg\" alt=\"Territorios Simult\u00e1neos\" width=\"1024\" height=\"512\" class=\"alignnone size-large wp-image-600\" srcset=\"https:\/\/ciutatmosaicterritorial.upc.edu\/wp-content\/uploads\/Territorios-Simult\u00e1neos-1024x512.jpg 1024w, https:\/\/ciutatmosaicterritorial.upc.edu\/wp-content\/uploads\/Territorios-Simult\u00e1neos-300x150.jpg 300w, https:\/\/ciutatmosaicterritorial.upc.edu\/wp-content\/uploads\/Territorios-Simult\u00e1neos-250x125.jpg 250w, https:\/\/ciutatmosaicterritorial.upc.edu\/wp-content\/uploads\/Territorios-Simult\u00e1neos.jpg 1707w\" sizes=\"(max-width: 1024px) 100vw, 1024px\" \/><\/a><\/p>\n","protected":false},"excerpt":{"rendered":"<p>El proper divendres 28 d&#8217;octubre, Arturo Calder\u00f3n Esteban, membre de l&#8217;equip Ciutat Mosaic Territorial del Departament d&#8217;Urbanisme i Ordenaci\u00f3 del [&hellip;]<\/p>\n","protected":false},"author":1,"featured_media":600,"comment_status":"open","ping_status":"open","sticky":false,"template":"","format":"standard","meta":[],"categories":[1],"tags":[],"_links":{"self":[{"href":"https:\/\/ciutatmosaicterritorial.upc.edu\/index.php?rest_route=\/wp\/v2\/posts\/601"}],"collection":[{"href":"https:\/\/ciutatmosaicterritorial.upc.edu\/index.php?rest_route=\/wp\/v2\/posts"}],"about":[{"href":"https:\/\/ciutatmosaicterritorial.upc.edu\/index.php?rest_route=\/wp\/v2\/types\/post"}],"author":[{"embeddable":true,"href":"https:\/\/ciutatmosaicterritorial.upc.edu\/index.php?rest_route=\/wp\/v2\/users\/1"}],"replies":[{"embeddable":true,"href":"https:\/\/ciutatmosaicterritorial.upc.edu\/index.php?rest_route=%2Fwp%2Fv2%2Fcomments&post=601"}],"version-history":[{"count":11,"href":"https:\/\/ciutatmosaicterritorial.upc.edu\/index.php?rest_route=\/wp\/v2\/posts\/601\/revisions"}],"predecessor-version":[{"id":612,"href":"https:\/\/ciutatmosaicterritorial.upc.edu\/index.php?rest_route=\/wp\/v2\/posts\/601\/revisions\/612"}],"wp:featuredmedia":[{"embeddable":true,"href":"https:\/\/ciutatmosaicterritorial.upc.edu\/index.php?rest_route=\/wp\/v2\/media\/600"}],"wp:attachment":[{"href":"https:\/\/ciutatmosaicterritorial.upc.edu\/index.php?rest_route=%2Fwp%2Fv2%2Fmedia&parent=601"}],"wp:term":[{"taxonomy":"category","embeddable":true,"href":"https:\/\/ciutatmosaicterritorial.upc.edu\/index.php?rest_route=%2Fwp%2Fv2%2Fcategories&post=601"},{"taxonomy":"post_tag","embeddable":true,"href":"https:\/\/ciutatmosaicterritorial.upc.edu\/index.php?rest_route=%2Fwp%2Fv2%2Ftags&post=601"}],"curies":[{"name":"wp","href":"https:\/\/api.w.org\/{rel}","templated":true}]}}