{"id":587,"date":"2016-10-03T10:27:52","date_gmt":"2016-10-03T10:27:52","guid":{"rendered":"https:\/\/ciutatmosaicterritorial.upc.edu\/?p=587"},"modified":"2016-11-15T09:31:31","modified_gmt":"2016-11-15T09:31:31","slug":"declaraci%c3%b3-mundial-de-les-ciutats-interm%c3%a8dies","status":"publish","type":"post","link":"https:\/\/ciutatmosaicterritorial.upc.edu\/?p=587","title":{"rendered":"Declaraci\u00f3 mundial de les Ciutats Interm\u00e8dies"},"content":{"rendered":"<p><strong>Per donar veu a les Ciutats intermedies en el congr\u00e9s de CGLU de Bogot\u00e0 i en la Confer\u00e8ncia de Habitat III, us convidem a recolzar la &#8216;Declaraci\u00f3n Mundial de las Ciudades Intermedias&#8217;. La crida dels l\u00edders de I-Ciutats per un planeta sustentable.<\/strong><\/p>\n<p><!--more--><\/p>\n<p style=\"text-align: center;\"><a href=\"https:\/\/ciutatmosaicterritorial.upc.edu\/wp-content\/uploads\/i-cities_sp-01.jpg\"><img decoding=\"async\" loading=\"lazy\" class=\"alignnone size-medium wp-image-564\" alt=\"passages\" src=\"https:\/\/ciutatmosaicterritorial.upc.edu\/wp-content\/uploads\/i-cities_sp-01.jpg\" width=\"350\" height=\"192\" \/><\/a><\/p>\n<p>En el 2030, les Ciutats Interm\u00e8dies absorbiran m\u00e9s de la meitat de la poblaci\u00f3 mundial i cobriran la m\u00e9s amplia superf\u00edcie urbana del planeta. Les I-Cities s\u00f3n la clau per la implementaci\u00f3 dels ODS, de la nova agenda urbana i d&#8217;altres agendes mundials per la sostenibilitat. <strong>Les Ciutats Interm\u00e8dies s\u00f3n la clau per poder sustentar el nostre planeta.<\/strong><\/p>\n<p>Uniu-vos a la Comunitat Mundial de les I-Cieties. Firmin amb nosaltres i passeu la veu a altres.<\/p>\n<p>Ho podeu fer connectant: <a href=\"https:\/\/www.uclg.org\/es\/media\/noticias\/declaracion-mundial-de-las-ciudades-intermedias-firmen-la-llamada-para-un-planeta\">http:\/\/www.uclg.org<\/a><\/p>\n<p>____________________________________________________________________________________________________<\/p>\n<p><strong>Para hacer oir la voz de las Ciudades Intermedias en el Congreso de CGLU de Bogota y en la Conferencia de Habitat III, os invitamos a apoyar la Declaraci\u00f3n Mundial de las Ciudades Intermedias : la llamada de los lideres de I-Ciudades para un planeta sustentable.<\/strong><\/p>\n<p>En el 2030, las Ciudades Intermedias absorber\u00e1n m\u00e1s de la mitad de la poblaci\u00f3n mundial y cubrir\u00e1n la m\u00e1s amplia superficie urbana sobre el planeta. Las I-Cities son clave hoy para la implementaci\u00f3n de los ODS, de la nueva agenda urbana y de otras agendas mundiales para la sostenibilidad. <strong>. Las Ciudades Intermedias son clave para la sustentabilidad de nuestro planeta.<\/strong><\/p>\n<p>Uniros a la Comunidad Mundial de las I-Cities \u2013 Firmen con nosotros y pasen la voz a otros !<\/p>\n<p>Lo pueden hacer conectando a: <a href=\"https:\/\/www.uclg.org\/es\/media\/noticias\/declaracion-mundial-de-las-ciudades-intermedias-firmen-la-llamada-para-un-planeta\">http:\/\/www.uclg.org<\/a><\/p>\n<p>____________________________________________________________________________________________________<\/p>\n<p><strong>In order to have your voice heard in the UCLG Congress in Bogota and in Habitat III Conference, we invite you all to support the World Declaration of Intermediary Cities : the call from the I-Cities leaders for a sustainable world.<\/strong><\/p>\n<p>In 2030, I-Cities will absorb more than half of the world population and will cover the largest urban areas on the planet. They are key today for the implementation of the SDGs, new urban agenda and world agendas. <strong>I-Cities are key for the sustainability of our common planet.<\/strong><\/p>\n<p>Join the World Community of Intermediary Cities &#8211; Sign up and pass on the message !<\/p>\n<p>You can do it connecting to: <a href=\"https:\/\/www.uclg.org\/es\/media\/noticias\/declaracion-mundial-de-las-ciudades-intermedias-firmen-la-llamada-para-un-planeta\">http:\/\/www.uclg.org<\/a><\/p>\n","protected":false},"excerpt":{"rendered":"<p>Per donar veu a les Ciutats intermedies en el congr\u00e9s de CGLU de Bogot\u00e0 i en la Confer\u00e8ncia de Habitat [&hellip;]<\/p>\n","protected":false},"author":1,"featured_media":586,"comment_status":"open","ping_status":"open","sticky":false,"template":"","format":"standard","meta":[],"categories":[1],"tags":[],"_links":{"self":[{"href":"https:\/\/ciutatmosaicterritorial.upc.edu\/index.php?rest_route=\/wp\/v2\/posts\/587"}],"collection":[{"href":"https:\/\/ciutatmosaicterritorial.upc.edu\/index.php?rest_route=\/wp\/v2\/posts"}],"about":[{"href":"https:\/\/ciutatmosaicterritorial.upc.edu\/index.php?rest_route=\/wp\/v2\/types\/post"}],"author":[{"embeddable":true,"href":"https:\/\/ciutatmosaicterritorial.upc.edu\/index.php?rest_route=\/wp\/v2\/users\/1"}],"replies":[{"embeddable":true,"href":"https:\/\/ciutatmosaicterritorial.upc.edu\/index.php?rest_route=%2Fwp%2Fv2%2Fcomments&post=587"}],"version-history":[{"count":10,"href":"https:\/\/ciutatmosaicterritorial.upc.edu\/index.php?rest_route=\/wp\/v2\/posts\/587\/revisions"}],"predecessor-version":[{"id":623,"href":"https:\/\/ciutatmosaicterritorial.upc.edu\/index.php?rest_route=\/wp\/v2\/posts\/587\/revisions\/623"}],"wp:featuredmedia":[{"embeddable":true,"href":"https:\/\/ciutatmosaicterritorial.upc.edu\/index.php?rest_route=\/wp\/v2\/media\/586"}],"wp:attachment":[{"href":"https:\/\/ciutatmosaicterritorial.upc.edu\/index.php?rest_route=%2Fwp%2Fv2%2Fmedia&parent=587"}],"wp:term":[{"taxonomy":"category","embeddable":true,"href":"https:\/\/ciutatmosaicterritorial.upc.edu\/index.php?rest_route=%2Fwp%2Fv2%2Fcategories&post=587"},{"taxonomy":"post_tag","embeddable":true,"href":"https:\/\/ciutatmosaicterritorial.upc.edu\/index.php?rest_route=%2Fwp%2Fv2%2Ftags&post=587"}],"curies":[{"name":"wp","href":"https:\/\/api.w.org\/{rel}","templated":true}]}}