{"id":549,"date":"2016-02-14T17:22:31","date_gmt":"2016-02-14T17:22:31","guid":{"rendered":"https:\/\/ciutatmosaicterritorial.upc.edu\/?p=549"},"modified":"2016-02-14T17:34:01","modified_gmt":"2016-02-14T17:34:01","slug":"paisaje-y-emoci%c3%b3n-el-resurgir-de-las-geograf%c3%adas-emocionales-observatori-del-paisatge","status":"publish","type":"post","link":"https:\/\/ciutatmosaicterritorial.upc.edu\/?p=549","title":{"rendered":"Paisaje y emoci\u00f3n. El resurgir de las geograf\u00edas emocionales. Observatori del Paisatge"},"content":{"rendered":"<p>Recentment l&#8217;Observatori del Paisatge de Catalunya ha publicat, exclusivament en format digital, el llibre Paisaje y emoci\u00f3n. El resurgir de las geograf\u00edas emocionales, dins la col\u00b7lecci\u00f3 \u201cTeor\u00eda y Paisaje\u201d. <!--more--> La publicaci\u00f3, coeditada amb la Universitat Pompeu Fabra, recull les pon\u00e8ncies del seminari hom\u00f2nim celebrat el mar\u00e7 de 2014.<\/p>\n<p>El llibre t\u00e9 la voluntat d&#8217;aportar una mirada cr\u00edtica sobre la conjunci\u00f3 entre paisatge i emoci\u00f3 des del punt de vista de diverses disciplines com s\u00f3n l&#8217;est\u00e8tica, la hist\u00f2ria de l&#8217;art, la literatura, la geografia cultural i l&#8217;arquitectura. Igual que en el primer n\u00famero de la col\u00b7lecci\u00f3, en aquesta ocasi\u00f3 els cap\u00edtols s&#8217;han publicat en l&#8217;idioma original en qu\u00e8 van ser exposats en el seminari (castell\u00e0, angl\u00e8s o franc\u00e8s). La publicaci\u00f3 es pot consultar al web de l&#8217;Observatori del Paisatge: <a href=\"http:\/\/www.catpaisatge.net\/cat\/documentacio_coedi_6.php\">http:\/\/www.catpaisatge.net\/cat\/documentacio_coedi_6.php<\/a><\/p>\n<p>El llibre es presentar\u00e0 el 23 de febrer a les 16.00h a la Universitat Pompeu Fabra.<\/p>\n<p>&nbsp;<\/p>\n<p style=\"text-align: center;\"><a href=\"http:\/\/www.catpaisatge.net\/cat\/documentacio_coedi_6.php\"><img decoding=\"async\" loading=\"lazy\" class=\"wp-image-550 aligncenter\" alt=\"Teoria_y_paisaje2-1\" src=\"https:\/\/ciutatmosaicterritorial.upc.edu\/wp-content\/uploads\/Teoria_y_paisaje2-1-755x1024.jpg\" width=\"272\" height=\"368\" srcset=\"https:\/\/ciutatmosaicterritorial.upc.edu\/wp-content\/uploads\/Teoria_y_paisaje2-1-755x1024.jpg 755w, https:\/\/ciutatmosaicterritorial.upc.edu\/wp-content\/uploads\/Teoria_y_paisaje2-1-221x300.jpg 221w, https:\/\/ciutatmosaicterritorial.upc.edu\/wp-content\/uploads\/Teoria_y_paisaje2-1-250x339.jpg 250w, https:\/\/ciutatmosaicterritorial.upc.edu\/wp-content\/uploads\/Teoria_y_paisaje2-1.jpg 1946w\" sizes=\"(max-width: 272px) 100vw, 272px\" \/><\/a><\/p>\n","protected":false},"excerpt":{"rendered":"<p>Recentment l&#8217;Observatori del Paisatge de Catalunya ha publicat, exclusivament en format digital, el llibre Paisaje y emoci\u00f3n. El resurgir de [&hellip;]<\/p>\n","protected":false},"author":1,"featured_media":550,"comment_status":"open","ping_status":"open","sticky":false,"template":"","format":"standard","meta":[],"categories":[1],"tags":[],"_links":{"self":[{"href":"https:\/\/ciutatmosaicterritorial.upc.edu\/index.php?rest_route=\/wp\/v2\/posts\/549"}],"collection":[{"href":"https:\/\/ciutatmosaicterritorial.upc.edu\/index.php?rest_route=\/wp\/v2\/posts"}],"about":[{"href":"https:\/\/ciutatmosaicterritorial.upc.edu\/index.php?rest_route=\/wp\/v2\/types\/post"}],"author":[{"embeddable":true,"href":"https:\/\/ciutatmosaicterritorial.upc.edu\/index.php?rest_route=\/wp\/v2\/users\/1"}],"replies":[{"embeddable":true,"href":"https:\/\/ciutatmosaicterritorial.upc.edu\/index.php?rest_route=%2Fwp%2Fv2%2Fcomments&post=549"}],"version-history":[{"count":7,"href":"https:\/\/ciutatmosaicterritorial.upc.edu\/index.php?rest_route=\/wp\/v2\/posts\/549\/revisions"}],"predecessor-version":[{"id":558,"href":"https:\/\/ciutatmosaicterritorial.upc.edu\/index.php?rest_route=\/wp\/v2\/posts\/549\/revisions\/558"}],"wp:featuredmedia":[{"embeddable":true,"href":"https:\/\/ciutatmosaicterritorial.upc.edu\/index.php?rest_route=\/wp\/v2\/media\/550"}],"wp:attachment":[{"href":"https:\/\/ciutatmosaicterritorial.upc.edu\/index.php?rest_route=%2Fwp%2Fv2%2Fmedia&parent=549"}],"wp:term":[{"taxonomy":"category","embeddable":true,"href":"https:\/\/ciutatmosaicterritorial.upc.edu\/index.php?rest_route=%2Fwp%2Fv2%2Fcategories&post=549"},{"taxonomy":"post_tag","embeddable":true,"href":"https:\/\/ciutatmosaicterritorial.upc.edu\/index.php?rest_route=%2Fwp%2Fv2%2Ftags&post=549"}],"curies":[{"name":"wp","href":"https:\/\/api.w.org\/{rel}","templated":true}]}}