{"id":537,"date":"2015-10-05T07:58:33","date_gmt":"2015-10-05T07:58:33","guid":{"rendered":"https:\/\/ciutatmosaicterritorial.upc.edu\/?p=537"},"modified":"2015-10-05T08:54:50","modified_gmt":"2015-10-05T08:54:50","slug":"passatges-metropolitans-acte-de-presentaci%c3%b3-de-la-publicaci%c3%b3","status":"publish","type":"post","link":"https:\/\/ciutatmosaicterritorial.upc.edu\/?p=537","title":{"rendered":"Passatges Metropolitans. Acte de presentaci\u00f3 de la publicaci\u00f3"},"content":{"rendered":"<p>Aquest dijous, l&#8217;Escola T\u00e8cnica Superior d&#8217;Arquitectura del Vall\u00e8s acull l&#8217;acte de presentaci\u00f3 de la publicaci\u00f3 Passatges Metropolitans<!--more--> i la inauguraci\u00f3 de les exposicions dels treballs premiats en els concursos, aix\u00ed com dels treballs dels alumnes d\u2019<a href=\"https:\/\/ciutatmosaicterritorial.upc.edu\/laboratoris\/\">Urban\u00edstica IV i VIII<\/a> de l\u2019ETSAV.<\/p>\n<p>El concurs d\u2019idees Passatges Metropolitans, organitzat per l\u2019AMB en col\u00b7laboraci\u00f3 amb l&#8217;IVM (Institut pour la Ville en Mouvement) i dirigit a joves professionals, s\u2019ha desenvolupat en sis \u00e0mbits metropolitans amb l\u2019objectiu de configurar un cat\u00e0leg de reflexions, estrat\u00e8gies i maneres diferents d\u2019abordar el projecte dels passatges. Ha comptat amb la col\u00b7laboraci\u00f3 de vuit municipis: Badalona, Montcada i Reixac, Cerdanyola del Vall\u00e8s, Ripollet, Sant Cugat del Vall\u00e8s, Molins de Rei, Sant Vicen\u00e7 dels Horts i l\u2019Hospitalet de Llobregat.<\/p>\n<p>El concurs Passatge Bes\u00f2s, organitzat per Consorci del Bes\u00f2s, ha desenvolupat \u201cun passatge de la ciutat al mar\u201d a Sant Adri\u00e0 del Bes\u00f2s i ha comptat amb les propostes de 5 equips finalistes.<\/p>\n<p>PROGRAMA<br \/>\n8 d\u2019octubre de 2015<br \/>\nSala d\u2019Actes de l\u2019Escola T\u00e8cnica Superior d\u2019Arquitectura del Vall\u00e8s (Edifici SC2. C\/ Pere Serra, 1-15 08173 Sant Cugat del Vall\u00e8s)<\/p>\n<p><strong>10:30  Benvinguda i presentaci\u00f3 de la publicaci\u00f3: <\/strong>Roger Sauquet, Sots Director de l\u2019ETSAV; Antoni Alarc\u00f3n, Gerent del Consorci del Bes\u00f2s; Ramon Torra, Gerent de l\u2019AMB.<br \/>\n<strong>10:45  Pon\u00e8ncia: Paisatge, lleure i producci\u00f3. Els passatges metropolitans:<\/strong> Enric Batlle, Doctor-arquitecte professor de l\u2019ETSAV i soci co-fundador de Batlle i Roig Arquitectes, membre del jurat del concurs Passatges Metropolitans.<br \/>\n<strong>11:15  Cloenda i visita a l\u2019exposici\u00f3:<\/strong> Carles Llop, Director del Programa \u00abPassatges\u00bb de l&#8217;IVM a Barcelona; Mireille Apel-Muller, Delegada general de l&#8217;IVM; Ramon Torra, Gerent de l\u2019AMB.<\/p>\n<p>M\u00e9s informaci\u00f3:<br \/>\n<a href=\"http:\/\/etsav.upc.edu\/ca\/esdeveniments\/conferencia-201cpaisatge-lleure-i-produccio-els-passatges-metropolitans201d\">Not\u00edcia a l&#8217;ETSAV<\/a><br \/>\n<a href=\"www.amb.cat\/passatges\">www.amb.cat\/passatges<\/a><br \/>\n<a href=\"http:\/\/www.passages-ivm.com\/\">http:\/\/www.passages-ivm.com\/<\/a><br \/>\n<a href=\"http:\/\/passatgesbcn.blogspot.com.es\/\">http:\/\/passatgesbcn.blogspot.com.es\/<\/a><\/p>\n","protected":false},"excerpt":{"rendered":"<p>Aquest dijous, l&#8217;Escola T\u00e8cnica Superior d&#8217;Arquitectura del Vall\u00e8s acull l&#8217;acte de presentaci\u00f3 de la publicaci\u00f3 Passatges Metropolitans<\/p>\n","protected":false},"author":1,"featured_media":538,"comment_status":"open","ping_status":"open","sticky":false,"template":"","format":"standard","meta":[],"categories":[1],"tags":[],"_links":{"self":[{"href":"https:\/\/ciutatmosaicterritorial.upc.edu\/index.php?rest_route=\/wp\/v2\/posts\/537"}],"collection":[{"href":"https:\/\/ciutatmosaicterritorial.upc.edu\/index.php?rest_route=\/wp\/v2\/posts"}],"about":[{"href":"https:\/\/ciutatmosaicterritorial.upc.edu\/index.php?rest_route=\/wp\/v2\/types\/post"}],"author":[{"embeddable":true,"href":"https:\/\/ciutatmosaicterritorial.upc.edu\/index.php?rest_route=\/wp\/v2\/users\/1"}],"replies":[{"embeddable":true,"href":"https:\/\/ciutatmosaicterritorial.upc.edu\/index.php?rest_route=%2Fwp%2Fv2%2Fcomments&post=537"}],"version-history":[{"count":6,"href":"https:\/\/ciutatmosaicterritorial.upc.edu\/index.php?rest_route=\/wp\/v2\/posts\/537\/revisions"}],"predecessor-version":[{"id":541,"href":"https:\/\/ciutatmosaicterritorial.upc.edu\/index.php?rest_route=\/wp\/v2\/posts\/537\/revisions\/541"}],"wp:featuredmedia":[{"embeddable":true,"href":"https:\/\/ciutatmosaicterritorial.upc.edu\/index.php?rest_route=\/wp\/v2\/media\/538"}],"wp:attachment":[{"href":"https:\/\/ciutatmosaicterritorial.upc.edu\/index.php?rest_route=%2Fwp%2Fv2%2Fmedia&parent=537"}],"wp:term":[{"taxonomy":"category","embeddable":true,"href":"https:\/\/ciutatmosaicterritorial.upc.edu\/index.php?rest_route=%2Fwp%2Fv2%2Fcategories&post=537"},{"taxonomy":"post_tag","embeddable":true,"href":"https:\/\/ciutatmosaicterritorial.upc.edu\/index.php?rest_route=%2Fwp%2Fv2%2Ftags&post=537"}],"curies":[{"name":"wp","href":"https:\/\/api.w.org\/{rel}","templated":true}]}}