{"id":461,"date":"2014-05-26T12:19:03","date_gmt":"2014-05-26T12:19:03","guid":{"rendered":"https:\/\/ciutatmosaicterritorial.upc.edu\/?p=461"},"modified":"2014-09-03T07:45:15","modified_gmt":"2014-09-03T07:45:15","slug":"passages-_-passatges","status":"publish","type":"post","link":"https:\/\/ciutatmosaicterritorial.upc.edu\/?p=461","title":{"rendered":"Passages _ Passatges"},"content":{"rendered":"<h3>Passatges per la Barcelona metr\u00f2poli<\/h3>\n<p><strong>Confer\u00e8ncia _ Debat _ Concursos _ Accions<\/strong><br \/>\nLlan\u00e7ament del projecte internacional \u201cPassages\u201d i presentaci\u00f3 dels Concursos d\u2019idees sobre el Bes\u00f2s i l\u2019\u00c0rea metropolitana de Barcelona.<!--more--><\/p>\n<p><a href=\"http:\/\/passages-ivm.com\/en\"><img decoding=\"async\" loading=\"lazy\" src=\"https:\/\/ciutatmosaicterritorial.upc.edu\/wp-content\/uploads\/af_passatges_a4.jpg\" alt=\"af_passatges_a4\" width=\"680\" height=\"961\" class=\"alignnone size-full wp-image-484\" srcset=\"https:\/\/ciutatmosaicterritorial.upc.edu\/wp-content\/uploads\/af_passatges_a4.jpg 680w, https:\/\/ciutatmosaicterritorial.upc.edu\/wp-content\/uploads\/af_passatges_a4-212x300.jpg 212w, https:\/\/ciutatmosaicterritorial.upc.edu\/wp-content\/uploads\/af_passatges_a4-250x353.jpg 250w\" sizes=\"(max-width: 680px) 100vw, 680px\" \/><\/a><\/p>\n<p>En el marc del programa internacional \u00abPassages, espaces de transition pour la ville du 21\u00e8 si\u00e8cle, la petite \u00e9chelle qui change tout\u00bb de l\u2019Institut pour la Ville en mouvement.<\/p>\n<p>On? al CCCB<br \/>\nCarrer Montalegre, 5 08001 Barcelona<br \/>\n3  de juny del 2014, de 19\u201900  a 21\u201900 hores <\/p>\n<p>Coincidint amb  l\u2019exposici\u00f3 del Premi Europeu de l\u2019Espai p\u00fablic, hi haur\u00e0 una <strong>Confer\u00e8ncia debat sobre els \u201cEls Passatges contemporanis a les ciutats\u201d, a c\u00e0rrec de Marcel Smets<\/strong>, urbanista, Dr. Arquitecte i Director del Consell Cient\u00edfic i d\u2019Orientaci\u00f3 de l\u2019IVM.<\/p>\n<p>En el mateix acte es presentar\u00e0 el programa internacional de l\u2019IVM en qu\u00e8 participen ciutats d\u2019Am\u00e8rica del Nord, d\u2019Am\u00e8rica Llatina, de Xina i d\u2019Europa, a c\u00e0rrec de Mireille Apel-Muller, Delegada general de l\u2019Institut pour la Ville en Mouvement.<\/p>\n<p>Es presentaran, tamb\u00e9, els concursos d\u2019idees i de realitzaci\u00f3 de passatges en l\u2019\u00e0mbit del Bes\u00f2s (Sant Adri\u00e0 del Bes\u00f2s, al front litoral, en l\u2019\u00e0mbit de les Tres xemeneies), liderat per el Consorci del Bes\u00f2s (hi intervindr\u00e0 Sito Alarc\u00f3n, Gerent del Consorci del Bes\u00f2s); i en 12 indrets de la Barcelona metropolitana, liderat per l\u2019\u00c0rea metropolitana de Barcelona (hi intervindr\u00e0 Ram\u00f3n Torra, Gerent de l\u2019\u00c0rea metropolitana de Barcelona).<\/p>\n<p>Tot seguit es presentar\u00e0 el curt \u201cPassatges viscuts, passatges registrats\u201d, a c\u00e0rrec d\u2019Adri\u00e0 Goula, Clara Nubiola, N\u00faria Ricart, Marta Serra, i Pol Viladoms.<\/p>\n<p>L\u2019acte es clour\u00e0 amb una presentaci\u00f3 de la base de dades dels projectes del Premi Europeu de l\u2019espai p\u00fablic del CCCB des de la perspectiva dels passatges contemporanis, a c\u00e0rrec de David Bravo, arquitecte, amb una visita guiada per l\u2019exposici\u00f3.<\/p>\n<p>Ho presenta i modera: Carlos Llop, arquitecte.<\/p>\n<p>HO ORGANITZEN:<br \/>\n\u00c0REA METROPOLITANA DE BARCELONA<br \/>\nCONSORCI DEL BES\u00d2S<br \/>\nIVM INSTITUT POUR LA VILLE EN MOUVEMENT (PARIS)<br \/>\nCENTRE DE CULTURA CONTEMPOR\u00c0NEA DE BARCELONA CCCB EN COL\u2022LABORACI\u00d3 INSTITUCIONAL<\/p>\n<p>M\u00e9s informaci\u00f3 i p\u00e0gina web oficial: <a href=\"http:\/\/passages-ivm.com\/en\">http:\/\/passages-ivm.com\/en<\/a><\/p>\n","protected":false},"excerpt":{"rendered":"<p>Passatges per la Barcelona metr\u00f2poli Confer\u00e8ncia _ Debat _ Concursos _ Accions Llan\u00e7ament del projecte internacional \u201cPassages\u201d i presentaci\u00f3 dels [&hellip;]<\/p>\n","protected":false},"author":1,"featured_media":483,"comment_status":"open","ping_status":"open","sticky":false,"template":"","format":"standard","meta":[],"categories":[1],"tags":[],"_links":{"self":[{"href":"https:\/\/ciutatmosaicterritorial.upc.edu\/index.php?rest_route=\/wp\/v2\/posts\/461"}],"collection":[{"href":"https:\/\/ciutatmosaicterritorial.upc.edu\/index.php?rest_route=\/wp\/v2\/posts"}],"about":[{"href":"https:\/\/ciutatmosaicterritorial.upc.edu\/index.php?rest_route=\/wp\/v2\/types\/post"}],"author":[{"embeddable":true,"href":"https:\/\/ciutatmosaicterritorial.upc.edu\/index.php?rest_route=\/wp\/v2\/users\/1"}],"replies":[{"embeddable":true,"href":"https:\/\/ciutatmosaicterritorial.upc.edu\/index.php?rest_route=%2Fwp%2Fv2%2Fcomments&post=461"}],"version-history":[{"count":9,"href":"https:\/\/ciutatmosaicterritorial.upc.edu\/index.php?rest_route=\/wp\/v2\/posts\/461\/revisions"}],"predecessor-version":[{"id":486,"href":"https:\/\/ciutatmosaicterritorial.upc.edu\/index.php?rest_route=\/wp\/v2\/posts\/461\/revisions\/486"}],"wp:featuredmedia":[{"embeddable":true,"href":"https:\/\/ciutatmosaicterritorial.upc.edu\/index.php?rest_route=\/wp\/v2\/media\/483"}],"wp:attachment":[{"href":"https:\/\/ciutatmosaicterritorial.upc.edu\/index.php?rest_route=%2Fwp%2Fv2%2Fmedia&parent=461"}],"wp:term":[{"taxonomy":"category","embeddable":true,"href":"https:\/\/ciutatmosaicterritorial.upc.edu\/index.php?rest_route=%2Fwp%2Fv2%2Fcategories&post=461"},{"taxonomy":"post_tag","embeddable":true,"href":"https:\/\/ciutatmosaicterritorial.upc.edu\/index.php?rest_route=%2Fwp%2Fv2%2Ftags&post=461"}],"curies":[{"name":"wp","href":"https:\/\/api.w.org\/{rel}","templated":true}]}}