{"id":392,"date":"2014-02-24T09:46:41","date_gmt":"2014-02-24T09:46:41","guid":{"rendered":"https:\/\/ciutatmosaicterritorial.upc.edu\/?p=392"},"modified":"2014-02-24T09:48:13","modified_gmt":"2014-02-24T09:48:13","slug":"s%c3%b3n-les-megaciutats-sostenibles","status":"publish","type":"post","link":"https:\/\/ciutatmosaicterritorial.upc.edu\/?p=392","title":{"rendered":"S\u00f3n les megaciutats sostenibles?"},"content":{"rendered":"<p>Reportatge em\u00e8s a M\u00f3n 3\/24, Televisi\u00f3 de Catalunya, 15\/01\/2014<br \/>\nLa megaciutat no \u00e9s un model en s\u00ed, \u00e9s ara com ara una necessitat, per la pressi\u00f3 demogr\u00e0fica. Tindrem prou s\u00f2l, prous maons i ciment, prou aigua, energia per les grans metr\u00f2polis del futur? <!--more-->Com seran aquestes ciutats? com haurien de ser? Amb l&#8217;ajuda de dos experts en urbanisme, entre ells Carles Llop Torn\u00e9, Francesc Canals analitza el proc\u00e9s d&#8217;urbanitzaci\u00f3 dels territoris emergents.<\/p>\n<p><object classid=\"clsid:d27cdb6e-ae6d-11cf-96b8-444553540000\" width=\"640\" height=\"398\" id=\"EVP4857133IE\"><param name=\"movie\" value=\"http:\/\/www.tv3.cat\/ria\/players\/3ac\/evp\/Main.swf\"\/><param name=\"scale\" value=\"noscale\"\/><param name=\"align\" value=\"tl\"\/><param name=\"swliveconnect\" value=\"true\"\/><param name=\"menu\" value=\"true\"\/><param name=\"allowFullScreen\" value=\"true\"\/><param name=\"allowScriptAccess\" value=\"always\"\/><param name=\"wmode\" value=\"transparent\"\/><param name=\"FlashVars\" value=\"themepath=themes\/evp_advanced.swf&#038;autostart=false&#038;minimal=false&#038;videoid=4857133&#038;instancename=playerEVP_0_4857133&#038;refreshlock=true&#038;basepath=http:\/\/www.tv3.cat\/ria\/players\/3ac\/evp\/&#038;backgroundColor=#ffffff&#038;basepath=http:\/\/www.tv3.cat\/ria\/players\/3ac\/evp\/&#038;xtm=true\"\/><embed width=\"640\" height=\"398\" type=\"application\/x-shockwave-flash\" src=\"http:\/\/www.tv3.cat\/ria\/players\/3ac\/evp\/Main.swf\" id=\"EVP4857133\" scale=\"noscale\" name=\"EVP4857133\" salign=\"tl\" swliveconnect=\"true\" menu=\"true\" allowfullscreen=\"true\" allowscriptaccess=\"always\" wmode=\"transparent\" FlashVars=\"themepath=themes\/evp_advanced.swf&#038;autostart=false&#038;minimal=false&#038;videoid=4857133&#038;instancename=playerEVP_0_4857133&#038;refreshlock=true&#038;basepath=http:\/\/www.tv3.cat\/ria\/players\/3ac\/evp\/&#038;backgroundColor=#ffffff&#038;basepath=http:\/\/www.tv3.cat\/ria\/players\/3ac\/evp\/&#038;xtm=true\"><\/embed><\/object><\/p>\n","protected":false},"excerpt":{"rendered":"<p>Reportatge em\u00e8s a M\u00f3n 3\/24, Televisi\u00f3 de Catalunya, 15\/01\/2014, amb la participaci\u00f3 de Carles Llop Torn\u00e9.<\/p>\n","protected":false},"author":1,"featured_media":394,"comment_status":"open","ping_status":"open","sticky":false,"template":"","format":"standard","meta":[],"categories":[1],"tags":[],"_links":{"self":[{"href":"https:\/\/ciutatmosaicterritorial.upc.edu\/index.php?rest_route=\/wp\/v2\/posts\/392"}],"collection":[{"href":"https:\/\/ciutatmosaicterritorial.upc.edu\/index.php?rest_route=\/wp\/v2\/posts"}],"about":[{"href":"https:\/\/ciutatmosaicterritorial.upc.edu\/index.php?rest_route=\/wp\/v2\/types\/post"}],"author":[{"embeddable":true,"href":"https:\/\/ciutatmosaicterritorial.upc.edu\/index.php?rest_route=\/wp\/v2\/users\/1"}],"replies":[{"embeddable":true,"href":"https:\/\/ciutatmosaicterritorial.upc.edu\/index.php?rest_route=%2Fwp%2Fv2%2Fcomments&post=392"}],"version-history":[{"count":3,"href":"https:\/\/ciutatmosaicterritorial.upc.edu\/index.php?rest_route=\/wp\/v2\/posts\/392\/revisions"}],"predecessor-version":[{"id":396,"href":"https:\/\/ciutatmosaicterritorial.upc.edu\/index.php?rest_route=\/wp\/v2\/posts\/392\/revisions\/396"}],"wp:featuredmedia":[{"embeddable":true,"href":"https:\/\/ciutatmosaicterritorial.upc.edu\/index.php?rest_route=\/wp\/v2\/media\/394"}],"wp:attachment":[{"href":"https:\/\/ciutatmosaicterritorial.upc.edu\/index.php?rest_route=%2Fwp%2Fv2%2Fmedia&parent=392"}],"wp:term":[{"taxonomy":"category","embeddable":true,"href":"https:\/\/ciutatmosaicterritorial.upc.edu\/index.php?rest_route=%2Fwp%2Fv2%2Fcategories&post=392"},{"taxonomy":"post_tag","embeddable":true,"href":"https:\/\/ciutatmosaicterritorial.upc.edu\/index.php?rest_route=%2Fwp%2Fv2%2Ftags&post=392"}],"curies":[{"name":"wp","href":"https:\/\/api.w.org\/{rel}","templated":true}]}}