{"id":379,"date":"2013-11-18T11:18:16","date_gmt":"2013-11-18T11:18:16","guid":{"rendered":"https:\/\/ciutatmosaicterritorial.upc.edu\/?p=379"},"modified":"2013-11-18T11:22:26","modified_gmt":"2013-11-18T11:22:26","slug":"congreso-regad%c3%ado-sociedad-y-territorio","status":"publish","type":"post","link":"https:\/\/ciutatmosaicterritorial.upc.edu\/?p=379","title":{"rendered":"Congreso \u00abRegad\u00edo, Sociedad y Territorio\u00bb"},"content":{"rendered":"<p>Se abre la convocatoria para presentar ponencias para el congreso homenaje a Thomas F. Glick, que tendr\u00e1 lugar en la Universidad Polit\u00e9cnica de Valencia entre los d\u00edas 25 y 27 de Septiembre de 2014.<!--more--><\/p>\n<p>Los regad\u00edos tradicionales constituyen una de las m\u00e1s valiosas interacciones entre naturaleza y cultura desarrolladas por la humanidad. Han sido hist\u00f3ricamente una pieza clave en la evoluci\u00f3n de numerosos pueblos y ciudades en medios \u00e1ridos y semi\u00e1ridos. Son todav\u00eda espacios que presentan una alta capacidad productiva, acompa\u00f1ada de destacados valores sociales y culturales. Se trata adem\u00e1s, de ecosistemas que resultan un claro ejemplo de una prolongada gesti\u00f3n sostenible, en t\u00e9rminos sociales y ambientales.<\/p>\n<p><img decoding=\"async\" loading=\"lazy\" src=\"https:\/\/ciutatmosaicterritorial.upc.edu\/wp-content\/uploads\/congres-irrigation-valencia.jpg\" alt=\"congres irrigation valencia\" width=\"680\" height=\"218\" class=\"alignleft size-full wp-image-372\" srcset=\"https:\/\/ciutatmosaicterritorial.upc.edu\/wp-content\/uploads\/congres-irrigation-valencia.jpg 680w, https:\/\/ciutatmosaicterritorial.upc.edu\/wp-content\/uploads\/congres-irrigation-valencia-300x96.jpg 300w, https:\/\/ciutatmosaicterritorial.upc.edu\/wp-content\/uploads\/congres-irrigation-valencia-250x80.jpg 250w\" sizes=\"(max-width: 680px) 100vw, 680px\" \/><\/p>\n<p>El estudio de estos artefactos de naturaleza y cultura ha sido abordado por expertos de diversas disciplinas. El Congreso Regad\u00edo, Sociedad y Territorio pretende reunir a todos aquellos interesados en los regad\u00edos tradicionales, con el fin de reflexionar sobre el pasado, el presente y el futuro de estos espacios.<\/p>\n<p>Esta reuni\u00f3n abordar\u00e1 el an\u00e1lisis de la evoluci\u00f3n hist\u00f3rica de los regad\u00edos tradicionales, considerando aspectos tecnol\u00f3gicos, agron\u00f3micos, sociales e institucionales. Profundizar\u00e1 en el an\u00e1lisis de sus valores, presentes y potenciales, como paisajes culturales. Adem\u00e1s, discutir\u00e1 el reto que suponen los procesos de urbanizaci\u00f3n y modernizaci\u00f3n, y las estrategias encaminadas a fortalecer su viabilidad socioecon\u00f3mica y asegurar su preservaci\u00f3n.<\/p>\n<p>El congreso servir\u00e1 para rendir homenaje al profesor Thomas F. Glick, cuyos trabajos han sido una contribuci\u00f3n esencial al estudio hist\u00f3rico de los regad\u00edos, as\u00ed como un est\u00edmulo permanente para el reconocimiento y protecci\u00f3n de este patrimonio socioambiental.<\/p>\n<p>El evento tendr\u00e1 lugar en la Universitat Polit\u00e8cnica de Val\u00e8ncia entre los d\u00edas 25 y 27 de Septiembre de 2014.<\/p>\n<p>Fuente y m\u00e1s informaci\u00f3n: <a href=\"http:\/\/tglick-irrigation-2014.org\/ca\/\">http:\/\/tglick-irrigation-2014.org\/<\/a><br \/>\n<a href=\"https:\/\/ciutatmosaicterritorial.upc.edu\/wp-content\/uploads\/CALL-FOR-PAPERS-ESP.pdf\">Call for papers (ESP) <\/a><\/p>\n","protected":false},"excerpt":{"rendered":"<p>Se abre la convocatoria para presentar ponencias para el congreso homenaje a Thomas F. Glick, que tendr\u00e1 lugar en la Universidad Polit\u00e9cnica de Valencia entre los d\u00edas 25 y 27 de Septiembre de 2014.<\/p>\n","protected":false},"author":1,"featured_media":375,"comment_status":"open","ping_status":"open","sticky":false,"template":"","format":"standard","meta":[],"categories":[8],"tags":[],"_links":{"self":[{"href":"https:\/\/ciutatmosaicterritorial.upc.edu\/index.php?rest_route=\/wp\/v2\/posts\/379"}],"collection":[{"href":"https:\/\/ciutatmosaicterritorial.upc.edu\/index.php?rest_route=\/wp\/v2\/posts"}],"about":[{"href":"https:\/\/ciutatmosaicterritorial.upc.edu\/index.php?rest_route=\/wp\/v2\/types\/post"}],"author":[{"embeddable":true,"href":"https:\/\/ciutatmosaicterritorial.upc.edu\/index.php?rest_route=\/wp\/v2\/users\/1"}],"replies":[{"embeddable":true,"href":"https:\/\/ciutatmosaicterritorial.upc.edu\/index.php?rest_route=%2Fwp%2Fv2%2Fcomments&post=379"}],"version-history":[{"count":3,"href":"https:\/\/ciutatmosaicterritorial.upc.edu\/index.php?rest_route=\/wp\/v2\/posts\/379\/revisions"}],"predecessor-version":[{"id":384,"href":"https:\/\/ciutatmosaicterritorial.upc.edu\/index.php?rest_route=\/wp\/v2\/posts\/379\/revisions\/384"}],"wp:featuredmedia":[{"embeddable":true,"href":"https:\/\/ciutatmosaicterritorial.upc.edu\/index.php?rest_route=\/wp\/v2\/media\/375"}],"wp:attachment":[{"href":"https:\/\/ciutatmosaicterritorial.upc.edu\/index.php?rest_route=%2Fwp%2Fv2%2Fmedia&parent=379"}],"wp:term":[{"taxonomy":"category","embeddable":true,"href":"https:\/\/ciutatmosaicterritorial.upc.edu\/index.php?rest_route=%2Fwp%2Fv2%2Fcategories&post=379"},{"taxonomy":"post_tag","embeddable":true,"href":"https:\/\/ciutatmosaicterritorial.upc.edu\/index.php?rest_route=%2Fwp%2Fv2%2Ftags&post=379"}],"curies":[{"name":"wp","href":"https:\/\/api.w.org\/{rel}","templated":true}]}}