{"id":367,"date":"2013-11-18T11:09:57","date_gmt":"2013-11-18T11:09:57","guid":{"rendered":"https:\/\/ciutatmosaicterritorial.upc.edu\/?p=367"},"modified":"2013-11-18T11:15:22","modified_gmt":"2013-11-18T11:15:22","slug":"congr%c3%a9s-regad%c3%ado-sociedad-y-territorio","status":"publish","type":"post","link":"https:\/\/ciutatmosaicterritorial.upc.edu\/?p=367","title":{"rendered":"Congr\u00e9s \u00abRegad\u00edo, Sociedad y Territorio\u00bb"},"content":{"rendered":"<p>S&#8217;obre la convocat\u00f2ria per presentar pon\u00e8ncies pel congr\u00e9s homenatge a Thomas F. Glick, que tindr\u00e0 lloc a la Universitat Polit\u00e8cnica de Val\u00e8ncia entre els dies 25 i 27 de Setembre de 2014.<!--more--><\/p>\n<p>Els regadius tradicionals constitueixen una de les m\u00e9s valuoses interaccions entre naturalesa i cultura desenvolupades per la humanitat. Han estat hist\u00f2ricament una pe\u00e7a clau en l\u2019evoluci\u00f3 de nombrosos pobles i ciutats en mitjans \u00e0rids i semi\u00e0rids. S\u00f3n espais que encara presenten una alta capacitat productiva, acompanyada de destacats valors socials i culturals. Es tracta a m\u00e9s, d\u2019ecosistemes que resulten un clar exemple d\u2019una prolongada gesti\u00f3 sostenible, en termes socials i ambientals.<\/p>\n<p><img decoding=\"async\" loading=\"lazy\" src=\"https:\/\/ciutatmosaicterritorial.upc.edu\/wp-content\/uploads\/congres-irrigation-valencia.jpg\" alt=\"congres irrigation valencia\" width=\"680\" height=\"218\" class=\"alignleft size-full wp-image-372\" srcset=\"https:\/\/ciutatmosaicterritorial.upc.edu\/wp-content\/uploads\/congres-irrigation-valencia.jpg 680w, https:\/\/ciutatmosaicterritorial.upc.edu\/wp-content\/uploads\/congres-irrigation-valencia-300x96.jpg 300w, https:\/\/ciutatmosaicterritorial.upc.edu\/wp-content\/uploads\/congres-irrigation-valencia-250x80.jpg 250w\" sizes=\"(max-width: 680px) 100vw, 680px\" \/><\/p>\n<p>L\u2019estudi d\u2019aquests artefactes de natura i cultura ha estat abordat per experts de diverses disciplines. El Congr\u00e9s Regadiu, Societat i Territori pret\u00e9n reunir a tots aquells interessats en els regadius tradicionals, a fi de constituir un punt de trobada en qu\u00e8 reflexionar sobre el passat, el present i el futur d\u2019aquests espais.<\/p>\n<p>El congr\u00e9s abordar\u00e0 l\u2019an\u00e0lisi de l\u2019evoluci\u00f3 hist\u00f2rica dels regadius tradicionals, considerant aspectes tecnol\u00f2gics, agron\u00f2mics, socials i institucionals. Aprofundir\u00e0 en l\u2019an\u00e0lisi dels seus valors, presents i potencials, com a paisatges culturals. A m\u00e9s, discutir\u00e0 el repte que suposen els processos d\u2019urbanitzaci\u00f3 i modernitzaci\u00f3, i les estrat\u00e8gies encaminades a enfortir-ne la viabilitat socioecon\u00f2mica i assegurar-ne la preservaci\u00f3.<\/p>\n<p>El congr\u00e9s servir\u00e0 per a retre homenatge al professor Thomas F. Glick, els treballs del qual han estat una contribuci\u00f3 essencial a l\u2019estudi hist\u00f2ric dels regadius i un est\u00edmul permanent per al reconeixement i protecci\u00f3 d\u2019aquest patrimoni social i ambiental.<\/p>\n<p>El congr\u00e9s tindr\u00e0 lloc en la Universitat Polit\u00e8cnica de Val\u00e8ncia entre els dies 25 i 27 de Setembre de 2014.<\/p>\n<p>Font i m\u00e9s informaci\u00f3: <a href=\"http:\/\/tglick-irrigation-2014.org\/ca\/\">http:\/\/tglick-irrigation-2014.org\/ca\/<\/a><br \/>\n<a href=\"https:\/\/ciutatmosaicterritorial.upc.edu\/wp-content\/uploads\/CALL-FOR-PAPERS-ESP.pdf\">Call for papers (ESP) <\/a><\/p>\n","protected":false},"excerpt":{"rendered":"<p>Call for papers pel congr\u00e9s homenatge a Thomas F. Glick, que tindr\u00e0 lloc a la Universitat Polit\u00e8cnica de Val\u00e8ncia entre els dies 25 i 27 de Setembre de 2014.<\/p>\n","protected":false},"author":1,"featured_media":375,"comment_status":"open","ping_status":"open","sticky":false,"template":"","format":"standard","meta":[],"categories":[1],"tags":[],"_links":{"self":[{"href":"https:\/\/ciutatmosaicterritorial.upc.edu\/index.php?rest_route=\/wp\/v2\/posts\/367"}],"collection":[{"href":"https:\/\/ciutatmosaicterritorial.upc.edu\/index.php?rest_route=\/wp\/v2\/posts"}],"about":[{"href":"https:\/\/ciutatmosaicterritorial.upc.edu\/index.php?rest_route=\/wp\/v2\/types\/post"}],"author":[{"embeddable":true,"href":"https:\/\/ciutatmosaicterritorial.upc.edu\/index.php?rest_route=\/wp\/v2\/users\/1"}],"replies":[{"embeddable":true,"href":"https:\/\/ciutatmosaicterritorial.upc.edu\/index.php?rest_route=%2Fwp%2Fv2%2Fcomments&post=367"}],"version-history":[{"count":7,"href":"https:\/\/ciutatmosaicterritorial.upc.edu\/index.php?rest_route=\/wp\/v2\/posts\/367\/revisions"}],"predecessor-version":[{"id":378,"href":"https:\/\/ciutatmosaicterritorial.upc.edu\/index.php?rest_route=\/wp\/v2\/posts\/367\/revisions\/378"}],"wp:featuredmedia":[{"embeddable":true,"href":"https:\/\/ciutatmosaicterritorial.upc.edu\/index.php?rest_route=\/wp\/v2\/media\/375"}],"wp:attachment":[{"href":"https:\/\/ciutatmosaicterritorial.upc.edu\/index.php?rest_route=%2Fwp%2Fv2%2Fmedia&parent=367"}],"wp:term":[{"taxonomy":"category","embeddable":true,"href":"https:\/\/ciutatmosaicterritorial.upc.edu\/index.php?rest_route=%2Fwp%2Fv2%2Fcategories&post=367"},{"taxonomy":"post_tag","embeddable":true,"href":"https:\/\/ciutatmosaicterritorial.upc.edu\/index.php?rest_route=%2Fwp%2Fv2%2Ftags&post=367"}],"curies":[{"name":"wp","href":"https:\/\/api.w.org\/{rel}","templated":true}]}}