{"id":359,"date":"2013-10-23T10:38:33","date_gmt":"2013-10-23T10:38:33","guid":{"rendered":"https:\/\/ciutatmosaicterritorial.upc.edu\/?p=359"},"modified":"2013-10-23T10:38:33","modified_gmt":"2013-10-23T10:38:33","slug":"from-smart-city-to-easy-city-%c2%a1ciudad-para-todos","status":"publish","type":"post","link":"https:\/\/ciutatmosaicterritorial.upc.edu\/?p=359","title":{"rendered":"From smart city to easy city. \u00a1Ciudad para todos!"},"content":{"rendered":"<p><strong>El 20 y 21 de noviembre se realizar\u00e1 el Curs de la CUIMPB-Centre Ernest Lluch From smart city to easy city.<br \/>\nEstrategias y Dispositivos, tecnolog\u00edas y utilidades. CLAVES PARA EL PROYECTO Y GESTI\u00d3N INTEGRAL DE LAS CIUDADES<!--more--> INTELIGENTES. La ciudad f\u00e1cil, la ciudad amable. \u00a1Ciudad para todos!<\/strong><\/p>\n<p>Los desarrollos urbanos de matriz sostenible son aquellos que reconcilian el crecimiento econ\u00f3mico, la equidad social y la calidad del medio ambiente con la posibilidad de acceso. El objetivo de este curso es suscitar debates y acciones, instrumentos y propuestas a favor de la perspectiva del desarrollo humano (la calidad de vida de las personas en la sociedad de las redes sociales, los flujos y la movilidad) y su efecto en el espacio urbano (la gesti\u00f3n del espacio p\u00fablico asistido por las tecnolog\u00edas de la informaci\u00f3n y la comunicaci\u00f3n), dentro de los criterios de la sostenibilidad econ\u00f3mica, ecol\u00f3gica y social.<\/p>\n<p><P><strong>INFORMACI\u00d3N:<\/strong><BR><br \/>\n<strong>Dirigido por:<\/strong> Carles Llop (profesor de Urbanismo, ETSAV-UPC) y Bet Alabern (arquitecta fundadora de Territori 24, arquitectura i urbanisme S.L.P. ).<\/p>\n<p><strong>Lugar de realizaci\u00f3n:<\/strong> Sala Mirador. Centre de Cultura Contempor\u00e0nia de Barcelona (CCCB). Montalegre, 5. Barcelona<br \/>\n<strong>Fecha: <\/strong>20, 21 de noviembre 2013<br \/>\n<strong>Web y m\u00e1s informaci\u00f3n: <\/strong><a href=\"http:\/\/www.cuimpb.cat\/index.php?page=shop.product_details&#038;category_id=48&#038;flypage=flypage.tpl&#038;product_id=258&#038;option=com_virtuemart&#038;Itemid=53&#038;lang=ca\">CUIMP Barcelona &#8211; Centre Ernest Lluch<\/a><\/p>\n<p><strong>PROGRAMA:<\/strong><BR><br \/>\n<strong>Mi\u00e9rcoles, 20 de noviembre<\/strong><br \/>\n<strong>09.00-09.15h <\/strong>\tInauguraci\u00f3n.<br \/>\nAntoni Vives, teniente de alcalde de H\u00e1bitat Urbano del Ajuntament de Barcelona.<br \/>\nJoan Fuster Sobrepere, director acad\u00e9mico del CUIMPB-Centre Ernest Lluch.<br \/>\nCarles Llop i Bet Alabern, directores del curso.<br \/>\n<strong>09.15-10.00h<\/strong> \tLa ciudad f\u00e1cil, !para todos! Vivir el espacio plenamente, sin obst\u00e1culos. Antoni Brey<br \/>\n<strong>10.00-10.45h<\/strong> \tNuevas territorialidades, nuevas necesidades: por una ciudad smart, f\u00e1cil y amable. Bet Alabern, Carles Llop<br \/>\n<strong>10.45-11.15h<\/strong> \tPausa<br \/>\n<strong>11.15-12.00h <\/strong>\tLa mejora de las movilidades habituales; la gesti\u00f3n desde la acci\u00f3n p\u00fablica. Jean Pierre Orfeuil<br \/>\n<strong>12.00-12.45h <\/strong>\tLa ciudad en movimiento y las apuestas para la mejora de las herramientas de la acci\u00f3n p\u00fablica: los cuerpos fr\u00e1giles en la ciudad. Mireille Apel-Muller<br \/>\n<strong>12.45-14.15h<\/strong> \tMesa de presentaci\u00f3n de experiencias: Problemas, oportunidades y retos de las ciudades para una gesti\u00f3n integral y ampliada que usa las estrategias y dispositivos, tecnolog\u00edas y utilidades. Mireille Apel-Muller, Antoni Brey, Jean Pierre Orfeuil<br \/>\nFila 0: Joan Escolar, Rosana Ram\u00edrez, Fundaci\u00f3n ASPROS; Carles de Ahumada, L&#8217;OLIVERA; Jordi Gusi, TANDEM SOCIAL<br \/>\n<strong>14.15-16.00h <\/strong>\tPausa<br \/>\n<strong>16.00-17.00h<\/strong> \tLa ciudad de las personas: la inteligencia al servicio de la regeneraci\u00f3n de las ciudades y las Smart Cities. Salvador Rueda<br \/>\n<strong>17.00-18.00h<\/strong> \tAccessibilidad integral, universal y ampliada dentro de un nuvo marco socioecon\u00f3mico. Rovira-Beleta Accesibilidad<br \/>\n<strong>18.00-19.30h<\/strong> \tMesa de presentaci\u00f3n de experiencias: Utilidades, tecnolog\u00edas, nuevos dispositivos y empresas: el buen dise\u00f1o. Javier Nieto, Rovira-Beleta, Salvador Rueda.<br \/>\nFila 0: Ferran Delgado, CODE FACTORY; Federico Crespo, Fundaci\u00f3n STEP BY STEP; David Nogu\u00e9, PLANOL INFO; Esteve Planes, Fundaci\u00f3n ICTUS\n<\/p>\n<p><strong>Jueves, 21 de noviembre<\/strong><br \/>\n<strong>09.30-10.15h <\/strong>\tMedidas Smart City y los proyectos de ciudad de Barcelona. Maria Sisternas<br \/>\n<strong>10.15-11.00h<\/strong> \t\u00a1Por un espacio urbano sin costuras ni rotos! Proyectos de espacios urbanos en relaci\u00f3n a las nuevas demandas sociales sobre el espacio p\u00fablico. Eloi Juvill\u00e0, Xavier Matilla<br \/>\n<strong>11.00-11.30h <\/strong>\tPausa<br \/>\n<strong><strong>11.30-12.15h<\/strong> \tEasy metropolis: proyectos en el \u00c1rea Metropolitana de Bolonia. Cristina Tartari<br \/>\n12.15-13.30h <\/strong>\tMesa de presentaciones de experiencias: Nuevas actuaciones y proyectos para construir una ciudad disponible para todos: instrumentos y acciones. Eloi Juvill\u00e0, Xavier Matilla, Maria Sisternas, Cristina Tartari.<br \/>\nFila 0: Jordi Bellmunt, Master de paisaje DUOT UPC, Arquitecto; Anna Bordes, actuacions en el barrio de Les Planes (Sant Cugat del Vall\u00e8s); Alex Jim\u00e9nez, Racons Urbans FAD<br \/>\n<strong>13.30-14.30h <\/strong>\tMesa redonda final de ponentes y representantes de las mesas de experiencias.<\/p>\n<p>Els estudiants poden sol\u00b7licitar convalidaci\u00f3 de cr\u00e8dits de lliure elecci\u00f3. <br \/>\nInformaci\u00f3 de cr\u00e8dits universitaris de lliure elecci\u00f3: Secretaria d&#8217;Alumnes<br \/>\nCUIMPB-Centre Ernest Lluch<\/p>\n","protected":false},"excerpt":{"rendered":"<p>El 20 y 21 de noviembre se realizar\u00e1 el Curs de la CUIMPB-Centre Ernest Lluch From smart city to easy city.<br \/>\nEstrategias y Dispositivos, tecnolog\u00edas y utilidades. CLAVES PARA EL PROYECTO Y GESTI\u00d3N INTEGRAL DE LAS CIUDADES<!--more--> INTELIGENTES. La ciudad f\u00e1cil, la ciudad amable. \u00a1Ciudad para todos!<\/p>\n","protected":false},"author":1,"featured_media":361,"comment_status":"open","ping_status":"open","sticky":false,"template":"","format":"standard","meta":[],"categories":[8],"tags":[],"_links":{"self":[{"href":"https:\/\/ciutatmosaicterritorial.upc.edu\/index.php?rest_route=\/wp\/v2\/posts\/359"}],"collection":[{"href":"https:\/\/ciutatmosaicterritorial.upc.edu\/index.php?rest_route=\/wp\/v2\/posts"}],"about":[{"href":"https:\/\/ciutatmosaicterritorial.upc.edu\/index.php?rest_route=\/wp\/v2\/types\/post"}],"author":[{"embeddable":true,"href":"https:\/\/ciutatmosaicterritorial.upc.edu\/index.php?rest_route=\/wp\/v2\/users\/1"}],"replies":[{"embeddable":true,"href":"https:\/\/ciutatmosaicterritorial.upc.edu\/index.php?rest_route=%2Fwp%2Fv2%2Fcomments&post=359"}],"version-history":[{"count":2,"href":"https:\/\/ciutatmosaicterritorial.upc.edu\/index.php?rest_route=\/wp\/v2\/posts\/359\/revisions"}],"predecessor-version":[{"id":364,"href":"https:\/\/ciutatmosaicterritorial.upc.edu\/index.php?rest_route=\/wp\/v2\/posts\/359\/revisions\/364"}],"wp:featuredmedia":[{"embeddable":true,"href":"https:\/\/ciutatmosaicterritorial.upc.edu\/index.php?rest_route=\/wp\/v2\/media\/361"}],"wp:attachment":[{"href":"https:\/\/ciutatmosaicterritorial.upc.edu\/index.php?rest_route=%2Fwp%2Fv2%2Fmedia&parent=359"}],"wp:term":[{"taxonomy":"category","embeddable":true,"href":"https:\/\/ciutatmosaicterritorial.upc.edu\/index.php?rest_route=%2Fwp%2Fv2%2Fcategories&post=359"},{"taxonomy":"post_tag","embeddable":true,"href":"https:\/\/ciutatmosaicterritorial.upc.edu\/index.php?rest_route=%2Fwp%2Fv2%2Ftags&post=359"}],"curies":[{"name":"wp","href":"https:\/\/api.w.org\/{rel}","templated":true}]}}