{"id":325,"date":"2013-06-05T12:28:38","date_gmt":"2013-06-05T12:28:38","guid":{"rendered":"https:\/\/ciutatmosaicterritorial.upc.edu\/?p=325"},"modified":"2013-09-09T12:39:17","modified_gmt":"2013-09-09T12:39:17","slug":"seminario-laboratorio-b-30","status":"publish","type":"post","link":"https:\/\/ciutatmosaicterritorial.upc.edu\/?p=325","title":{"rendered":"Seminario \u00abLaboratorio: B-30\u00bb"},"content":{"rendered":"<p>Este MARTES 11 DE JUNIO DE 2013 EN EL SAL\u00d3N DE ACTOS DE LA ETSAV UPC, en SANT CUGAT DEL VALL\u00c8S (BARCELONA), de 9:00 a 11:30 tendr\u00e1 lugar el <strong>SEMINARIO LABORATORIO: B-30<\/strong>, con la presentaci\u00f3n de los trabajos destacados del curso de Urban\u00edstica 8<!--more--> &#8211; Laboratorio de Estrategias de Ciudad. Estrategias urbanas y territoriales en la Barcelona metropolitana; as\u00ed como breves ponencias de cada uno de los relatores invitados.<\/p>\n<p>Este seminario se organiza en el marco del proyecto nacional de investigaci\u00f3n \u00abCiudades, territorios y regiones urbanas eficientes\u00bb y de la asignatura Urban\u00edstica 8, donde este semestre hemos trabajado como caso de estudio todo el \u00e1mbito de la B-30. M\u00e1s informaci\u00f3n<br \/>\ni de l&#8217;assignatura de grau Urban\u00edstica 8, on aquest semestre hem treballat com a cas d&#8217;estudi tot l&#8217;\u00e0mbit de la B-30. M\u00e9s informaci\u00f3 <a href=\"https:\/\/ciutatmosaicterritorial.upc.edu\/recerca\/conferencies-i-seminaris-plan-nacional\/\">aqu\u00ed.<\/a><\/p>\n<p><img decoding=\"async\" loading=\"lazy\" class=\"alignleft size-large wp-image-287\" alt=\"Seminari B-30 11 de juny 2013\" src=\"https:\/\/ciutatmosaicterritorial.upc.edu\/wp-content\/uploads\/Seminari-B-30-11-de-juny-2013-679x1024.jpg\" width=\"679\" height=\"1024\" srcset=\"https:\/\/ciutatmosaicterritorial.upc.edu\/wp-content\/uploads\/Seminari-B-30-11-de-juny-2013-679x1024.jpg 679w, https:\/\/ciutatmosaicterritorial.upc.edu\/wp-content\/uploads\/Seminari-B-30-11-de-juny-2013-199x300.jpg 199w, https:\/\/ciutatmosaicterritorial.upc.edu\/wp-content\/uploads\/Seminari-B-30-11-de-juny-2013-250x376.jpg 250w, https:\/\/ciutatmosaicterritorial.upc.edu\/wp-content\/uploads\/Seminari-B-30-11-de-juny-2013.jpg 1397w\" sizes=\"(max-width: 679px) 100vw, 679px\" \/><\/p>\n","protected":false},"excerpt":{"rendered":"<p>Este MARTES 11 DE JUNIO DE 2013 EN EL SAL\u00d3N DE ACTOS DE LA ETSAV UPC, en SANT CUGAT DEL [&hellip;]<\/p>\n","protected":false},"author":1,"featured_media":288,"comment_status":"open","ping_status":"open","sticky":false,"template":"","format":"standard","meta":[],"categories":[8],"tags":[],"_links":{"self":[{"href":"https:\/\/ciutatmosaicterritorial.upc.edu\/index.php?rest_route=\/wp\/v2\/posts\/325"}],"collection":[{"href":"https:\/\/ciutatmosaicterritorial.upc.edu\/index.php?rest_route=\/wp\/v2\/posts"}],"about":[{"href":"https:\/\/ciutatmosaicterritorial.upc.edu\/index.php?rest_route=\/wp\/v2\/types\/post"}],"author":[{"embeddable":true,"href":"https:\/\/ciutatmosaicterritorial.upc.edu\/index.php?rest_route=\/wp\/v2\/users\/1"}],"replies":[{"embeddable":true,"href":"https:\/\/ciutatmosaicterritorial.upc.edu\/index.php?rest_route=%2Fwp%2Fv2%2Fcomments&post=325"}],"version-history":[{"count":1,"href":"https:\/\/ciutatmosaicterritorial.upc.edu\/index.php?rest_route=\/wp\/v2\/posts\/325\/revisions"}],"predecessor-version":[{"id":327,"href":"https:\/\/ciutatmosaicterritorial.upc.edu\/index.php?rest_route=\/wp\/v2\/posts\/325\/revisions\/327"}],"wp:featuredmedia":[{"embeddable":true,"href":"https:\/\/ciutatmosaicterritorial.upc.edu\/index.php?rest_route=\/wp\/v2\/media\/288"}],"wp:attachment":[{"href":"https:\/\/ciutatmosaicterritorial.upc.edu\/index.php?rest_route=%2Fwp%2Fv2%2Fmedia&parent=325"}],"wp:term":[{"taxonomy":"category","embeddable":true,"href":"https:\/\/ciutatmosaicterritorial.upc.edu\/index.php?rest_route=%2Fwp%2Fv2%2Fcategories&post=325"},{"taxonomy":"post_tag","embeddable":true,"href":"https:\/\/ciutatmosaicterritorial.upc.edu\/index.php?rest_route=%2Fwp%2Fv2%2Ftags&post=325"}],"curies":[{"name":"wp","href":"https:\/\/api.w.org\/{rel}","templated":true}]}}