{"id":308,"date":"2013-04-20T12:11:20","date_gmt":"2013-04-20T12:11:20","guid":{"rendered":"https:\/\/ciutatmosaicterritorial.upc.edu\/?p=308"},"modified":"2013-09-09T12:23:26","modified_gmt":"2013-09-09T12:23:26","slug":"el-gru-en-la-fira-del-conocimiento-de-berga","status":"publish","type":"post","link":"https:\/\/ciutatmosaicterritorial.upc.edu\/?p=308","title":{"rendered":"El GRU en la Feria del Conocimiento de Berga"},"content":{"rendered":"<p>Los d\u00edas 11 y 12 de abril de 2013 hemos estado en Berga, con el Exploratorio de Recursos de la Naturaleza (UPC), participando en la Feria del Conocimiento junto con otros grupos de investigaci\u00f3n de la Universitat de Barcelona y la Universitat Polit\u00e8cnica de Catalunya.<!--more--><\/p>\n<p>Durante los d\u00edas de la feria, hemos mostrado a m\u00e1s de 800 estudiantes de ESO, Bachillerato y ciclos formativos los diferentes trabajos de investigaci\u00f3n que se han producido recientemente en el Grup de Recerca en Urbanisme (GRU) del Departamento de Urbanismo y Ordenaci\u00f3n del Territorio de la UPC, as\u00ed como algunos de los trabajos de los alumnos de grado de Paisajes Culturales y de Urban\u00edstica 8, ambas asignaturas de la ETSAV. El objetivo de la feria era transmitir la motivaci\u00f3n por la investigaci\u00f3n a los j\u00f3venes estudiantes. M\u00e1s informaci\u00f3n en <a href=\"http:\/\/www.exploratori.org\">la web del exploratorio<\/a>.<\/p>\n<p>Los participantes de la feria como representates del GRU han sido Konstantinos Kourkoutas y Marta Carrasco, doctorandos de la UPC.<\/p>\n<p><img decoding=\"async\" loading=\"lazy\" class=\"size-full wp-image-149 alignnone\" alt=\"firaconeixementberga2\" src=\"https:\/\/ciutatmosaicterritorial.upc.edu\/wp-content\/uploads\/firaconeixementberga2.jpg\" width=\"680\" height=\"370\" srcset=\"https:\/\/ciutatmosaicterritorial.upc.edu\/wp-content\/uploads\/firaconeixementberga2.jpg 680w, https:\/\/ciutatmosaicterritorial.upc.edu\/wp-content\/uploads\/firaconeixementberga2-300x163.jpg 300w, https:\/\/ciutatmosaicterritorial.upc.edu\/wp-content\/uploads\/firaconeixementberga2-250x136.jpg 250w\" sizes=\"(max-width: 680px) 100vw, 680px\" \/><\/p>\n<h6>Ciutat_Mosaic_Territorial \u00a9 2013<\/h6>\n","protected":false},"excerpt":{"rendered":"<p>Los d\u00edas 11 y 12 de abril de 2013 hemos estado en Berga, con el Exploratorio de Recursos de la [&hellip;]<\/p>\n","protected":false},"author":1,"featured_media":142,"comment_status":"open","ping_status":"open","sticky":false,"template":"","format":"standard","meta":[],"categories":[8],"tags":[],"_links":{"self":[{"href":"https:\/\/ciutatmosaicterritorial.upc.edu\/index.php?rest_route=\/wp\/v2\/posts\/308"}],"collection":[{"href":"https:\/\/ciutatmosaicterritorial.upc.edu\/index.php?rest_route=\/wp\/v2\/posts"}],"about":[{"href":"https:\/\/ciutatmosaicterritorial.upc.edu\/index.php?rest_route=\/wp\/v2\/types\/post"}],"author":[{"embeddable":true,"href":"https:\/\/ciutatmosaicterritorial.upc.edu\/index.php?rest_route=\/wp\/v2\/users\/1"}],"replies":[{"embeddable":true,"href":"https:\/\/ciutatmosaicterritorial.upc.edu\/index.php?rest_route=%2Fwp%2Fv2%2Fcomments&post=308"}],"version-history":[{"count":5,"href":"https:\/\/ciutatmosaicterritorial.upc.edu\/index.php?rest_route=\/wp\/v2\/posts\/308\/revisions"}],"predecessor-version":[{"id":315,"href":"https:\/\/ciutatmosaicterritorial.upc.edu\/index.php?rest_route=\/wp\/v2\/posts\/308\/revisions\/315"}],"wp:featuredmedia":[{"embeddable":true,"href":"https:\/\/ciutatmosaicterritorial.upc.edu\/index.php?rest_route=\/wp\/v2\/media\/142"}],"wp:attachment":[{"href":"https:\/\/ciutatmosaicterritorial.upc.edu\/index.php?rest_route=%2Fwp%2Fv2%2Fmedia&parent=308"}],"wp:term":[{"taxonomy":"category","embeddable":true,"href":"https:\/\/ciutatmosaicterritorial.upc.edu\/index.php?rest_route=%2Fwp%2Fv2%2Fcategories&post=308"},{"taxonomy":"post_tag","embeddable":true,"href":"https:\/\/ciutatmosaicterritorial.upc.edu\/index.php?rest_route=%2Fwp%2Fv2%2Ftags&post=308"}],"curies":[{"name":"wp","href":"https:\/\/api.w.org\/{rel}","templated":true}]}}