{"id":286,"date":"2013-06-02T17:29:16","date_gmt":"2013-06-02T17:29:16","guid":{"rendered":"https:\/\/ciutatmosaicterritorial.upc.edu\/?p=286"},"modified":"2013-08-04T17:35:49","modified_gmt":"2013-08-04T17:35:49","slug":"seminari-laboratori-b-30","status":"publish","type":"post","link":"https:\/\/ciutatmosaicterritorial.upc.edu\/?p=286","title":{"rendered":"Seminari Laboratori B-30"},"content":{"rendered":"<p>Aquest DIMARTS 11 DE JUNY DE 2013 SALA D\u2019ACTES ETSAV UPC a SANT CUGAT DEL VALL\u00c8S, de 9\u201900 a 11\u201930h hi haur\u00e0 el <strong>SEMINARI LABORATORI: B-30<\/strong>, amb la presentaci\u00f3 dels treballs destacats del curs d&#8217;Urban\u00edstica 8<!--more--> &#8211; Laboratori d&#8217;Estrat\u00e8gies de Ciutat. Estrat\u00e8gies urbanes i territorials en la Barcelona metropolitana; aix\u00ed com breus pon\u00e8ncies de cadascun dels relators convidats.<\/p>\n<p>Aquest seminari s&#8217;organitza en el marc del projecte nacional de recerca \u00abCiudades, territorios y regiones urbanas eficientes\u00bb i de l&#8217;assignatura de grau Urban\u00edstica 8, on aquest semestre hem treballat com a cas d&#8217;estudi tot l&#8217;\u00e0mbit de la B-30. M\u00e9s informaci\u00f3 <a href=\"https:\/\/ciutatmosaicterritorial.upc.edu\/recerca\/conferencies-i-seminaris-plan-nacional\/\">aqu\u00ed.<\/a><\/p>\n<p><img decoding=\"async\" loading=\"lazy\" class=\"alignleft size-large wp-image-287\" alt=\"Seminari B-30 11 de juny 2013\" src=\"https:\/\/ciutatmosaicterritorial.upc.edu\/wp-content\/uploads\/Seminari-B-30-11-de-juny-2013-679x1024.jpg\" width=\"679\" height=\"1024\" srcset=\"https:\/\/ciutatmosaicterritorial.upc.edu\/wp-content\/uploads\/Seminari-B-30-11-de-juny-2013-679x1024.jpg 679w, https:\/\/ciutatmosaicterritorial.upc.edu\/wp-content\/uploads\/Seminari-B-30-11-de-juny-2013-199x300.jpg 199w, https:\/\/ciutatmosaicterritorial.upc.edu\/wp-content\/uploads\/Seminari-B-30-11-de-juny-2013-250x376.jpg 250w, https:\/\/ciutatmosaicterritorial.upc.edu\/wp-content\/uploads\/Seminari-B-30-11-de-juny-2013.jpg 1397w\" sizes=\"(max-width: 679px) 100vw, 679px\" \/><\/p>\n","protected":false},"excerpt":{"rendered":"<p>Seminari organitzat en el marc del projecte nacional de recerca \u00abCiudades, territorios y regiones urbanas eficientes\u00bb i de l&#8217;assignatura de grau Urban\u00edstica 8, on aquest semestre hem treballat com a cas d&#8217;estudi tot l&#8217;\u00e0mbit de la B-30.<\/p>\n","protected":false},"author":1,"featured_media":288,"comment_status":"open","ping_status":"open","sticky":false,"template":"","format":"standard","meta":[],"categories":[1],"tags":[],"_links":{"self":[{"href":"https:\/\/ciutatmosaicterritorial.upc.edu\/index.php?rest_route=\/wp\/v2\/posts\/286"}],"collection":[{"href":"https:\/\/ciutatmosaicterritorial.upc.edu\/index.php?rest_route=\/wp\/v2\/posts"}],"about":[{"href":"https:\/\/ciutatmosaicterritorial.upc.edu\/index.php?rest_route=\/wp\/v2\/types\/post"}],"author":[{"embeddable":true,"href":"https:\/\/ciutatmosaicterritorial.upc.edu\/index.php?rest_route=\/wp\/v2\/users\/1"}],"replies":[{"embeddable":true,"href":"https:\/\/ciutatmosaicterritorial.upc.edu\/index.php?rest_route=%2Fwp%2Fv2%2Fcomments&post=286"}],"version-history":[{"count":4,"href":"https:\/\/ciutatmosaicterritorial.upc.edu\/index.php?rest_route=\/wp\/v2\/posts\/286\/revisions"}],"predecessor-version":[{"id":323,"href":"https:\/\/ciutatmosaicterritorial.upc.edu\/index.php?rest_route=\/wp\/v2\/posts\/286\/revisions\/323"}],"wp:featuredmedia":[{"embeddable":true,"href":"https:\/\/ciutatmosaicterritorial.upc.edu\/index.php?rest_route=\/wp\/v2\/media\/288"}],"wp:attachment":[{"href":"https:\/\/ciutatmosaicterritorial.upc.edu\/index.php?rest_route=%2Fwp%2Fv2%2Fmedia&parent=286"}],"wp:term":[{"taxonomy":"category","embeddable":true,"href":"https:\/\/ciutatmosaicterritorial.upc.edu\/index.php?rest_route=%2Fwp%2Fv2%2Fcategories&post=286"},{"taxonomy":"post_tag","embeddable":true,"href":"https:\/\/ciutatmosaicterritorial.upc.edu\/index.php?rest_route=%2Fwp%2Fv2%2Ftags&post=286"}],"curies":[{"name":"wp","href":"https:\/\/api.w.org\/{rel}","templated":true}]}}