{"id":109,"date":"2013-04-20T15:54:49","date_gmt":"2013-04-20T15:54:49","guid":{"rendered":"https:\/\/ciutatmosaicterritorial.upc.edu\/?p=109"},"modified":"2013-08-02T17:30:15","modified_gmt":"2013-08-02T17:30:15","slug":"entrada-de-prova-1-amb-imatge","status":"publish","type":"post","link":"https:\/\/ciutatmosaicterritorial.upc.edu\/?p=109","title":{"rendered":"El GRU a la Fira del Coneixement de Berga"},"content":{"rendered":"<p>Els dies 11 i 12 d&#8217;abril de 2013 hem estat a Berga, amb l&#8217;Exploratori de Recursos de la Natura, participant a la Fira del Coneixementj untament amb altres grups de recerca de la Universitat de Barcelona i de la Universitat Polit\u00e8cnica de Catalunya.<!--more--><\/p>\n<p>Durant els dies de la fira, hem mostrat a m\u00e9s de 800 estudiants d&#8217;ESO, Batxillerat i cicles formatius els diferents treballs de recerca que s&#8217;han produ\u00eft recentment en el Grup de Recerca en Urbanisme (GRU) del Departament d&#8217;Urbanisme i Ordenaci\u00f3 del Territori, aix\u00ed com alguns dels treballs de grau de Paisatges Culturals i d&#8217;Urban\u00edstica 8, assignatures de l&#8217;ETSAV. L&#8217;objectiu de la fira era transmetre la motivaci\u00f3 per la recerca als joves estudiants. M\u00e9s informaci\u00f3 al <a href=\"http:\/\/www.exploratori.org\">web de l&#8217;exploratori<\/a>.<\/p>\n<p>Els participants a la fira com a representants del GRU han estat Konstantinos Kourkoutas i Marta Carrasco, doctorands de la UPC.<\/p>\n<p><img decoding=\"async\" loading=\"lazy\" class=\"size-full wp-image-149 alignnone\" alt=\"firaconeixementberga2\" src=\"https:\/\/ciutatmosaicterritorial.upc.edu\/wp-content\/uploads\/firaconeixementberga2.jpg\" width=\"680\" height=\"370\" srcset=\"https:\/\/ciutatmosaicterritorial.upc.edu\/wp-content\/uploads\/firaconeixementberga2.jpg 680w, https:\/\/ciutatmosaicterritorial.upc.edu\/wp-content\/uploads\/firaconeixementberga2-300x163.jpg 300w, https:\/\/ciutatmosaicterritorial.upc.edu\/wp-content\/uploads\/firaconeixementberga2-250x136.jpg 250w\" sizes=\"(max-width: 680px) 100vw, 680px\" \/><\/p>\n<h6>Ciutat_Mosaic_Territorial \u00a9 2013<\/h6>\n","protected":false},"excerpt":{"rendered":"<p>Els dies 11 i 12 d&#8217;abril de 2013 hem estat a Berga, amb l&#8217;Exploratori de Recursos de la Natura, participant a la Fira del Coneixementj untament amb altres grups de recerca de la Universitat de Barcelona i de la Universitat Polit\u00e8cnica de Catalunya.<\/p>\n","protected":false},"author":1,"featured_media":142,"comment_status":"open","ping_status":"open","sticky":false,"template":"","format":"standard","meta":[],"categories":[1],"tags":[],"_links":{"self":[{"href":"https:\/\/ciutatmosaicterritorial.upc.edu\/index.php?rest_route=\/wp\/v2\/posts\/109"}],"collection":[{"href":"https:\/\/ciutatmosaicterritorial.upc.edu\/index.php?rest_route=\/wp\/v2\/posts"}],"about":[{"href":"https:\/\/ciutatmosaicterritorial.upc.edu\/index.php?rest_route=\/wp\/v2\/types\/post"}],"author":[{"embeddable":true,"href":"https:\/\/ciutatmosaicterritorial.upc.edu\/index.php?rest_route=\/wp\/v2\/users\/1"}],"replies":[{"embeddable":true,"href":"https:\/\/ciutatmosaicterritorial.upc.edu\/index.php?rest_route=%2Fwp%2Fv2%2Fcomments&post=109"}],"version-history":[{"count":18,"href":"https:\/\/ciutatmosaicterritorial.upc.edu\/index.php?rest_route=\/wp\/v2\/posts\/109\/revisions"}],"predecessor-version":[{"id":291,"href":"https:\/\/ciutatmosaicterritorial.upc.edu\/index.php?rest_route=\/wp\/v2\/posts\/109\/revisions\/291"}],"wp:featuredmedia":[{"embeddable":true,"href":"https:\/\/ciutatmosaicterritorial.upc.edu\/index.php?rest_route=\/wp\/v2\/media\/142"}],"wp:attachment":[{"href":"https:\/\/ciutatmosaicterritorial.upc.edu\/index.php?rest_route=%2Fwp%2Fv2%2Fmedia&parent=109"}],"wp:term":[{"taxonomy":"category","embeddable":true,"href":"https:\/\/ciutatmosaicterritorial.upc.edu\/index.php?rest_route=%2Fwp%2Fv2%2Fcategories&post=109"},{"taxonomy":"post_tag","embeddable":true,"href":"https:\/\/ciutatmosaicterritorial.upc.edu\/index.php?rest_route=%2Fwp%2Fv2%2Ftags&post=109"}],"curies":[{"name":"wp","href":"https:\/\/api.w.org\/{rel}","templated":true}]}}